{"id":1158,"date":"2017-11-07T16:09:36","date_gmt":"2017-11-07T15:09:36","guid":{"rendered":"http:\/\/www.monfalcone.info\/?p=1158"},"modified":"2017-11-14T09:57:03","modified_gmt":"2017-11-14T08:57:03","slug":"9a-festa-del-bosco","status":"publish","type":"post","link":"https:\/\/www.monfalcone.info\/index.php\/9a-festa-del-bosco\/","title":{"rendered":"9a Festa del Bosco"},"content":{"rendered":"<h4><span style=\"color: #800000;\">In Piazza della Repubblica a Monfalcone, torna il tradizionale mercatino d&#8217;autunno.<\/span><\/h4>\n<h4><span style=\"color: #800000;\">Cucine con specialit\u00e0 gastronomiche a base di prodotti di stagione.<\/span><\/h4>\n<h4><span style=\"color: #800000;\">Castagnata, ribolla e brul\u00e8.<\/span><\/h4>\n<h4><span style=\"color: #800000;\">Esposizione e mostra dei funghi.<\/span><\/h4>\n<h4><span style=\"color: #800000;\">Prodotti da forno tipici autunnali, in collaborazione con le panetterie e pasticcerie del mandamento monfalconese.<\/span><\/h4>\n<h4><span style=\"color: #800000;\">Animazione, conferenze e musica dal vivo.<\/span><\/h4>\n<h4><span style=\"color: #800000;\">Partecipazione con esposizioni di mezzi e attrezzature di Enti e Associazioni a tutela dell&#8217;Ambiente.<\/span><\/h4>\n<p>&nbsp;<\/p>\n<p>&nbsp;<\/p>\n<p><strong>PROGRAMMA<\/strong><\/p>\n<p><u><\/u><strong><u>Sabato 18 novembre 2017<\/u><\/strong><\/p>\n<p>Ore 10.00<\/p>\n<p>Apertura manifestazione con Castagnata, ribolla e brul\u00e8 con la Pro Loco;<\/p>\n<p>Apertura stand espositori enogastronomici;<\/p>\n<p>Mostra del fungo <em>a cura del Gruppo Micologico Monfalconese; \u00a0<\/em><\/p>\n<p>Dimostrazione scultura in legno: lo scultore Davide Tramontin dimostrer\u00e0 in diretta la realizzazione di una scultura in legno, partendo da un tronco. www.davidealbero.it<\/p>\n<p>Ore 15.00<\/p>\n<p>Intrattenimento musicale con Sergio Papa (fino alle 19.00)<\/p>\n<p>Ore 15.30<\/p>\n<p>\u201cIl Casaro in Piazza\u201d spiegazione e realizzazione sul posto di una forma di Montasio<em> a cura di un<\/em><\/p>\n<p><em>maestro casaro<\/em><\/p>\n<p>\u201cI Polentars in Piazza\u201d Realizzazione e degustazione della tipica polenta friulana<\/p>\n<p>Ore 22.00 Chiusura manifestazione<\/p>\n<p><u><\/u><strong><u>Domenica 19 novembre<\/u><\/strong><\/p>\n<p>Ore 10.00<\/p>\n<p>Apertura manifestazione con Castagnata, ribolla e brul\u00e8 con la Pro Loco;<\/p>\n<p>Apertura stand espositori Enogastronomici;<\/p>\n<p>Mostra del fungo a cura del Gruppo Micologico Monfalconese;<\/p>\n<p><strong>Mostra Associazioni e Enti a tutela del Territorio <\/strong><em>Esposizione di mezzi e strumentazioni dei Vigili del Fuoco, Forestale, Protezione Civile, Gruppo Speleologi, CAI, ecc.<\/em><\/p>\n<p>Dalle 11.00, a cura dell&#8217;Associazione Ambientalista Eugenio Rosmann, inoltre<\/p>\n<div class=\"\" data-block=\"true\" data-editor=\"euppg\" data-offset-key=\"4ppul-0-0\">\n<div class=\"_1mf _1mj\" data-offset-key=\"4ppul-0-0\"><span data-offset-key=\"4ppul-0-0\">L&#8217;Associazione Ambientalista &#8220;Eugenio Rosmann&#8221; ha indetto quest&#8217;anno un concorso per tesi di laurea in materia ambientale, che ha premiato alcuni giovani neo-laureati per le loro ricerche in materie naturalistiche e legate alla valorizzazione del territorio. Si \u00e8 cercato &#8211; in questo modo &#8211; di valorizzare i giovani che si dedicano allo studio delle materie ambientali, offrendo loro un&#8217;occasione di visibilit\u00e0 e attenzione che purtroppo nel settore delle scienze naturali spesso viene a mancare.<\/span><\/div>\n<\/div>\n<div class=\"\" data-block=\"true\" data-editor=\"euppg\" data-offset-key=\"5gqdj-0-0\">\n<div class=\"_1mf _1mj\" data-offset-key=\"5gqdj-0-0\"><span data-offset-key=\"5gqdj-0-0\">La tesi del dott. Cristian Dal Cortivo, laureatosi nel 2014 presso l&#8217;Universit\u00e0 di Padova &#8211; nell&#8217;ambito del concorso &#8211; ha ottenuto una menzione speciale, che sar\u00e0 consegnata in occasione della &#8220;Festa del Bosco&#8221;, dove presenter\u00e0 il suo interessante studio.<\/span><\/div>\n<\/div>\n<div class=\"\" data-block=\"true\" data-editor=\"euppg\" data-offset-key=\"59dvh-0-0\">\n<div class=\"_1mf _1mj\" data-offset-key=\"59dvh-0-0\"><\/div>\n<div class=\"_1mf _1mj\" data-offset-key=\"59dvh-0-0\">dott. Cristian Dal Cortivo<\/div>\n<\/div>\n<div class=\"\" data-block=\"true\" data-editor=\"euppg\" data-offset-key=\"67n9t-0-0\">\n<div class=\"_1mf _1mj\" data-offset-key=\"67n9t-0-0\"><span data-offset-key=\"67n9t-0-0\">&#8220;Accrescimento e accumulo di metalli pesanti in piante alimurgiche (piante spontanee ad uso alimentare)&#8221;<\/span><\/div>\n<\/div>\n<div class=\"\" data-block=\"true\" data-editor=\"euppg\" data-offset-key=\"dqt53-0-0\">\n<div class=\"_1mf _1mj\" data-offset-key=\"dqt53-0-0\"><span data-offset-key=\"dqt53-0-0\">L\u2019inquinamento da metalli pesanti sta assumendo negli ultimi anni un\u2019importanza rilevante in termini di rischio ambientale e di salute pubblica. Molti terreni agricoli e non ricevono quantit\u00e0 crescenti di metalli tossici attraverso la fertilizzazione, la difesa fitosanitaria e l\u2019impiego di acque d\u2019irrigazione contaminate, trasmettendo questi inquinanti alle piante spontanee, molte delle quali, nella nostra tradizione, sono destinate anche a usi alimentari. D&#8217;altro lato, la capacit\u00e0 di determinate piante di accumulare inquinanti diviene uno strumento per la bonifica superficiale di terreni inquinati.<\/span><\/div>\n<\/div>\n<div class=\"\" data-block=\"true\" data-editor=\"euppg\" data-offset-key=\"r5t2-0-0\">\n<div class=\"_1mf _1mj\" data-offset-key=\"r5t2-0-0\"><span data-offset-key=\"r5t2-0-0\">\u00a0<\/span><\/div>\n<\/div>\n<div class=\"\" data-block=\"true\" data-editor=\"euppg\" data-offset-key=\"c0vv2-0-0\">\n<div class=\"_1mf _1mj\" data-offset-key=\"c0vv2-0-0\"><span data-offset-key=\"c0vv2-0-0\">Prof. Emerito Livio Poldini <\/span><\/div>\n<\/div>\n<div class=\"\" data-block=\"true\" data-editor=\"euppg\" data-offset-key=\"5lqk5-0-0\">\n<div class=\"_1mf _1mj\" data-offset-key=\"5lqk5-0-0\"><span data-offset-key=\"5lqk5-0-0\">&#8220;Le piante aliene e invasive del Carso monfalconese&#8221;&#8221;<\/span><\/div>\n<\/div>\n<div class=\"\" data-block=\"true\" data-editor=\"euppg\" data-offset-key=\"7ssgo-0-0\">\n<div class=\"_1mf _1mj\" data-offset-key=\"7ssgo-0-0\"><span data-offset-key=\"7ssgo-0-0\">L&#8217;intervento del celebre botanico, docente emerito dell&#8217;Ateneo triestino, vuole fare il punto sulla proliferazione delle piante invasive sul Carso. Molte specie aliene, ovvero provenienti da luoghi lontani, sono state introdotte non sempre volontariamente e si sono adattate al nuovo habitat, soppiantando la vegetazione originaria e causando danni all&#8217;ecosistema e alle popolazioni umane. \u00c8 il caso dell&#8217;ailanto, albero di origine asiatica che prolifera abbondantemente sul Carso ma anche in pianura e del Senecione sudafricano, una margheritina gialla velenosissima per gli erbivori e che contamina il miele prodotto dalle api.<\/span><\/div>\n<\/div>\n<div class=\"\" data-block=\"true\" data-editor=\"euppg\" data-offset-key=\"dm847-0-0\">\n<div class=\"_1mf _1mj\" data-offset-key=\"dm847-0-0\"><span data-offset-key=\"dm847-0-0\">Sono piante che proliferano nei terreni manomessi da scavi, lungo le strade e le ferrovie e nei boschi percorsi da incendi, spazzando via le altre specie nostrane e riducendo fortemente la biodiversit\u00e0. <\/span><\/div>\n<\/div>\n<p><a href=\"http:\/\/www.monfalcone.info\/wp-content\/uploads\/2017\/11\/logo-rosmann.jpg\"><img loading=\"lazy\" class=\"alignnone wp-image-1170\" src=\"http:\/\/www.monfalcone.info\/wp-content\/uploads\/2017\/11\/logo-rosmann-300x244.jpg\" alt=\"\" width=\"120\" height=\"98\" srcset=\"https:\/\/www.monfalcone.info\/wp-content\/uploads\/2017\/11\/logo-rosmann-300x244.jpg 300w, https:\/\/www.monfalcone.info\/wp-content\/uploads\/2017\/11\/logo-rosmann.jpg 344w\" sizes=\"(max-width: 120px) 100vw, 120px\" \/><\/a><\/p>\n<p>&nbsp;<\/p>\n<p>Ore 15.00<\/p>\n<p>Intrattenimento musicale con Sergio Papa (fino alle 19.00)<\/p>\n<p>Ore 22.00<\/p>\n<p>Chiusura manifestazione<\/p>\n<p><strong><u>Luned\u00ec 20 novembre<\/u><\/strong><\/p>\n<p>Ore 10.00<\/p>\n<p>Apertura manifestazione con Castagnata, ribolla e brul\u00e8 con la Pro Loco;<\/p>\n<p>Apertura stand espositori Enogastronomici;<\/p>\n<p>Mostra del fungo a cura del Gruppo Micologico Monfalconese.<\/p>\n<p><u><\/u><strong><u>Marted\u00ec 21 novembre<\/u><em> (Madonna della Salute)<\/em><\/strong><\/p>\n<p>Ore 10.00<\/p>\n<p>Apertura manifestazione con Castagnata, ribolla e brul\u00e8 con la Pro Loco;<\/p>\n<p>Apertura stand espositori enogastronomici;<\/p>\n<p>Mostra del fungo <em>a cura del Gruppo Micologico Monfalconese<\/em><\/p>\n<p>Dalle 14.00 alle ore 16.30<\/p>\n<p>5a <strong>GARA DOLCI<\/strong> della Festa del Bosco<\/p>\n<p>Ore 18.00<\/p>\n<p>Premiazioni 5a <strong>GARA DOLCI<\/strong> della Festa del Bosco<\/p>\n<p>&nbsp;<\/p>\n<p>Ricordiamo inoltre i <strong>solenni appuntamenti religiosi<\/strong> per la Santa Patrona:<\/p>\n<p>Al Duomo di Monfalcone, dalle ore 14.00 preghiera del Rosario.<\/p>\n<p>Ore 14.30 Solenne Santa Messa in onore della Madonna della Salute, Patrona di Monfalcone.<\/p>\n<p>A seguire: Processione mariana lungo le vie del centro cittadino (Via Fratelli Rosselli, Piazza della Repubblica, Corso del Popolo, Viale San Marco e nuovamente Via Rosselli prima di rientrare in Duomo).<\/p>\n<p>Durante il passaggio della Processione i festeggiamenti verranno, come sempre, rispettosamente sospesi.<\/p>\n<p>&nbsp;<\/p>\n<blockquote><p>clikka sul volantino &gt;&gt;<\/p>\n<p><a href=\"http:\/\/www.monfalcone.info\/wp-content\/uploads\/2017\/11\/BOS-volantino-1.jpg\"><img loading=\"lazy\" class=\"alignnone size-medium wp-image-1165\" src=\"http:\/\/www.monfalcone.info\/wp-content\/uploads\/2017\/11\/BOS-volantino-1-212x300.jpg\" alt=\"\" width=\"212\" height=\"300\" srcset=\"https:\/\/www.monfalcone.info\/wp-content\/uploads\/2017\/11\/BOS-volantino-1-212x300.jpg 212w, https:\/\/www.monfalcone.info\/wp-content\/uploads\/2017\/11\/BOS-volantino-1.jpg 678w\" sizes=\"(max-width: 212px) 100vw, 212px\" \/><\/a><\/p><\/blockquote>\n<p>&nbsp;<\/p>\n<p>5a GARA DI DOLCI<\/p>\n<p>Regolamento e scheda d&#8217;iscrizione:\u00a0<a href=\"http:\/\/www.monfalcone.info\/wp-content\/uploads\/2017\/11\/BOS-gara-dolci-regolamento.pdf\">BOS gara dolci regolamento<\/a><\/p>\n<p><a href=\"http:\/\/www.monfalcone.info\/wp-content\/uploads\/2017\/11\/BOS-gara-dolci-regolamento-001.jpg\"><img loading=\"lazy\" class=\"alignnone size-medium wp-image-1161\" src=\"http:\/\/www.monfalcone.info\/wp-content\/uploads\/2017\/11\/BOS-gara-dolci-regolamento-001-212x300.jpg\" alt=\"\" width=\"212\" height=\"300\" srcset=\"https:\/\/www.monfalcone.info\/wp-content\/uploads\/2017\/11\/BOS-gara-dolci-regolamento-001-212x300.jpg 212w, https:\/\/www.monfalcone.info\/wp-content\/uploads\/2017\/11\/BOS-gara-dolci-regolamento-001-768x1086.jpg 768w, https:\/\/www.monfalcone.info\/wp-content\/uploads\/2017\/11\/BOS-gara-dolci-regolamento-001-724x1024.jpg 724w, https:\/\/www.monfalcone.info\/wp-content\/uploads\/2017\/11\/BOS-gara-dolci-regolamento-001.jpg 1240w\" sizes=\"(max-width: 212px) 100vw, 212px\" \/><\/a> <a href=\"http:\/\/www.monfalcone.info\/wp-content\/uploads\/2017\/11\/BOS-gara-dolci-regolamento-002.jpg\"><img loading=\"lazy\" class=\"alignnone size-medium wp-image-1162\" src=\"http:\/\/www.monfalcone.info\/wp-content\/uploads\/2017\/11\/BOS-gara-dolci-regolamento-002-212x300.jpg\" alt=\"\" width=\"212\" height=\"300\" srcset=\"https:\/\/www.monfalcone.info\/wp-content\/uploads\/2017\/11\/BOS-gara-dolci-regolamento-002-212x300.jpg 212w, https:\/\/www.monfalcone.info\/wp-content\/uploads\/2017\/11\/BOS-gara-dolci-regolamento-002-768x1086.jpg 768w, https:\/\/www.monfalcone.info\/wp-content\/uploads\/2017\/11\/BOS-gara-dolci-regolamento-002-724x1024.jpg 724w, https:\/\/www.monfalcone.info\/wp-content\/uploads\/2017\/11\/BOS-gara-dolci-regolamento-002.jpg 1240w\" sizes=\"(max-width: 212px) 100vw, 212px\" \/><\/a><\/p>\n","protected":false},"excerpt":{"rendered":"<p>In Piazza della Repubblica a Monfalcone, torna il tradizionale mercatino d&#8217;autunno. Cucine con specialit\u00e0 gastronomiche a base di prodotti di [&hellip;]<\/p>\n","protected":false},"author":2,"featured_media":0,"comment_status":"closed","ping_status":"closed","sticky":false,"template":"","format":"standard","meta":[],"categories":[5],"tags":[],"_links":{"self":[{"href":"https:\/\/www.monfalcone.info\/index.php\/wp-json\/wp\/v2\/posts\/1158"}],"collection":[{"href":"https:\/\/www.monfalcone.info\/index.php\/wp-json\/wp\/v2\/posts"}],"about":[{"href":"https:\/\/www.monfalcone.info\/index.php\/wp-json\/wp\/v2\/types\/post"}],"author":[{"embeddable":true,"href":"https:\/\/www.monfalcone.info\/index.php\/wp-json\/wp\/v2\/users\/2"}],"replies":[{"embeddable":true,"href":"https:\/\/www.monfalcone.info\/index.php\/wp-json\/wp\/v2\/comments?post=1158"}],"version-history":[{"count":5,"href":"https:\/\/www.monfalcone.info\/index.php\/wp-json\/wp\/v2\/posts\/1158\/revisions"}],"predecessor-version":[{"id":1171,"href":"https:\/\/www.monfalcone.info\/index.php\/wp-json\/wp\/v2\/posts\/1158\/revisions\/1171"}],"wp:attachment":[{"href":"https:\/\/www.monfalcone.info\/index.php\/wp-json\/wp\/v2\/media?parent=1158"}],"wp:term":[{"taxonomy":"category","embeddable":true,"href":"https:\/\/www.monfalcone.info\/index.php\/wp-json\/wp\/v2\/categories?post=1158"},{"taxonomy":"post_tag","embeddable":true,"href":"https:\/\/www.monfalcone.info\/index.php\/wp-json\/wp\/v2\/tags?post=1158"}],"curies":[{"name":"wp","href":"https:\/\/api.w.org\/{rel}","templated":true}]}}