{"id":1180,"date":"2018-01-31T16:33:29","date_gmt":"2018-01-31T15:33:29","guid":{"rendered":"http:\/\/www.monfalcone.info\/?p=1180"},"modified":"2018-02-09T09:31:19","modified_gmt":"2018-02-09T08:31:19","slug":"134-carnevale-monfalconese","status":"publish","type":"post","link":"https:\/\/www.monfalcone.info\/index.php\/134-carnevale-monfalconese\/","title":{"rendered":"134\u00b0 CARNEVALE MONFALCONESE"},"content":{"rendered":"<p>I partecipanti alla sfilata del 134\u00b0 Carnevale Monfalconese, in programma marted\u00ec 13 febbraio (o, in caso di maltempo, sabato 17), in ordine di partenza.<\/p>\n<p>(fai clik sull&#8217;anteprima)<\/p>\n<p><a href=\"http:\/\/www.monfalcone.info\/wp-content\/uploads\/2018\/01\/SF-ordine-partenza-001.jpg\"><img loading=\"lazy\" class=\"alignnone size-medium wp-image-1193\" src=\"http:\/\/www.monfalcone.info\/wp-content\/uploads\/2018\/01\/SF-ordine-partenza-001-212x300.jpg\" alt=\"\" width=\"212\" height=\"300\" srcset=\"https:\/\/www.monfalcone.info\/wp-content\/uploads\/2018\/01\/SF-ordine-partenza-001-212x300.jpg 212w, https:\/\/www.monfalcone.info\/wp-content\/uploads\/2018\/01\/SF-ordine-partenza-001-768x1086.jpg 768w, https:\/\/www.monfalcone.info\/wp-content\/uploads\/2018\/01\/SF-ordine-partenza-001-724x1024.jpg 724w, https:\/\/www.monfalcone.info\/wp-content\/uploads\/2018\/01\/SF-ordine-partenza-001.jpg 1240w\" sizes=\"(max-width: 212px) 100vw, 212px\" \/><\/a> <a href=\"http:\/\/www.monfalcone.info\/wp-content\/uploads\/2018\/01\/SF-ordine-partenza-002.jpg\"><img loading=\"lazy\" class=\"alignnone size-medium wp-image-1194\" src=\"http:\/\/www.monfalcone.info\/wp-content\/uploads\/2018\/01\/SF-ordine-partenza-002-212x300.jpg\" alt=\"\" width=\"212\" height=\"300\" srcset=\"https:\/\/www.monfalcone.info\/wp-content\/uploads\/2018\/01\/SF-ordine-partenza-002-212x300.jpg 212w, https:\/\/www.monfalcone.info\/wp-content\/uploads\/2018\/01\/SF-ordine-partenza-002-768x1086.jpg 768w, https:\/\/www.monfalcone.info\/wp-content\/uploads\/2018\/01\/SF-ordine-partenza-002-724x1024.jpg 724w, https:\/\/www.monfalcone.info\/wp-content\/uploads\/2018\/01\/SF-ordine-partenza-002.jpg 1240w\" sizes=\"(max-width: 212px) 100vw, 212px\" \/><\/a><\/p>\n<p>&nbsp;<\/p>\n<p>&nbsp;<\/p>\n<p><a href=\"http:\/\/www.monfalcone.info\/wp-content\/uploads\/2018\/01\/locandina-fb.jpg\"><img loading=\"lazy\" class=\"alignnone size-medium wp-image-1183\" src=\"http:\/\/www.monfalcone.info\/wp-content\/uploads\/2018\/01\/locandina-fb-212x300.jpg\" alt=\"\" width=\"212\" height=\"300\" srcset=\"https:\/\/www.monfalcone.info\/wp-content\/uploads\/2018\/01\/locandina-fb-212x300.jpg 212w, https:\/\/www.monfalcone.info\/wp-content\/uploads\/2018\/01\/locandina-fb.jpg 679w\" sizes=\"(max-width: 212px) 100vw, 212px\" \/><\/a><a href=\"http:\/\/www.monfalcone.info\/wp-content\/uploads\/2018\/01\/CENA-fb.jpg\">\u00a0 \u00a0<\/a><a href=\"http:\/\/www.monfalcone.info\/wp-content\/uploads\/2018\/01\/conferenza-stampa-carnevale-e-cantada-fb.jpg\"><img loading=\"lazy\" class=\"alignnone size-medium wp-image-1182\" src=\"http:\/\/www.monfalcone.info\/wp-content\/uploads\/2018\/01\/conferenza-stampa-carnevale-e-cantada-fb-212x300.jpg\" alt=\"\" width=\"212\" height=\"300\" srcset=\"https:\/\/www.monfalcone.info\/wp-content\/uploads\/2018\/01\/conferenza-stampa-carnevale-e-cantada-fb-212x300.jpg 212w, https:\/\/www.monfalcone.info\/wp-content\/uploads\/2018\/01\/conferenza-stampa-carnevale-e-cantada-fb.jpg 679w\" sizes=\"(max-width: 212px) 100vw, 212px\" \/><\/a><a href=\"http:\/\/www.monfalcone.info\/wp-content\/uploads\/2018\/01\/CENA-fb.jpg\">\u00a0 \u00a0<img loading=\"lazy\" class=\"alignnone size-medium wp-image-1181\" src=\"http:\/\/www.monfalcone.info\/wp-content\/uploads\/2018\/01\/CENA-fb-213x300.jpg\" alt=\"\" width=\"213\" height=\"300\" srcset=\"https:\/\/www.monfalcone.info\/wp-content\/uploads\/2018\/01\/CENA-fb-213x300.jpg 213w, https:\/\/www.monfalcone.info\/wp-content\/uploads\/2018\/01\/CENA-fb.jpg 680w\" sizes=\"(max-width: 213px) 100vw, 213px\" \/><\/a><\/p>\n<p>&nbsp;<\/p>\n<p><strong>134\u00b0 CARNEVALE MONFALCONESE\u00ae <\/strong><\/p>\n<p><strong>PROGRAMMA<\/strong><\/p>\n<p><u>Da Venerd\u00ec 12 gennaio a Domenica 18 febbraio 2018<\/u><\/p>\n<p>Presso i Ristoranti del Mandamento Monfalconese<\/p>\n<p><strong>MAGNEMO FORA DE CASA\u00ae <\/strong><\/p>\n<p><em>Proposte del Piatto di Carnevale a prezzo fisso in collaborazione con i locali raccomandati dalla Pro Loco. Verr\u00e0 consegnato l\u2019amb\u00ecto premio \u2018Il Piatto del Carnevale\u2019.<\/em><\/p>\n<p><em>L\u2019iniziativa gastronomica isontina che dal 1988 vanta innumerevoli tentativi di imitazione. <\/em><\/p>\n<p><em>(tutti i men\u00f9 sul sito ufficiale della Pro Loco Monfalcone <a href=\"http:\/\/www.monfalcone.info\/\">www.monfalcone.info<\/a> e sulla pagina facebook Pro Loco Monfalcone)<\/em><\/p>\n<p><u>\u00a0<\/u><\/p>\n<p>Per tutto il periodo carnevalesco, <strong>CONCORSO VETRINE IN MASCHERA<\/strong><\/p>\n<p>Inoltre <strong>\u201cARTE IN VETRINA\u201d <\/strong>presso gli esercizi monfalconesi<\/p>\n<p><em>in collaborazione con ENDAS<\/em><\/p>\n<p><u>Dal 7 al 13 febbraio, con orario: dalle 10.00 alle 12.00 e dalle 16.30 alle 18.30<\/u><\/p>\n<p>Galleria Antiche Mura, Via Fratelli Rosselli<\/p>\n<p><strong>Mostra degli artisti monfalconesi sul Carnevale <\/strong><\/p>\n<p><em>in collaborazione con ENDAS<\/em><\/p>\n<p><u>\u00a0<\/u><\/p>\n<p><u>Gioved\u00ec 1 febbraio<\/u>, ore 15.00<\/p>\n<p>Sala del Consiglio del Comune di Monfalcone, Piazza della Repubblica<\/p>\n<p><strong>CONFERENZA STAMPA<\/strong><\/p>\n<p>Per la presentazione del 134\u00b0 <em>Carnevale Monfalconese<\/em><\/p>\n<p>presentazione del 63\u00b0 numero de <em>La Cantada\u00ae<\/em><\/p>\n<p>&nbsp;<\/p>\n<p><u>Da sabato 3 febbraio<\/u><\/p>\n<p>nelle edicole del Mandamento Monfalconese<\/p>\n<p><strong>LA CANTADA\u00ae <\/strong><\/p>\n<p><em>Uscita della 63a edizione dell\u2019imperdibile numero unico umoristico-satirico in dialetto bisi\u00e0c sui personaggi e i fatti della Bisiacar\u00eca.<\/em><\/p>\n<p><u>\u00a0<\/u><\/p>\n<p><u>Sabato 3 febbraio<\/u><\/p>\n<p>presso Centro Commerciale di via Pocar a Monfalcone<\/p>\n<p>dalle ore 10.00 alle ore 16.00 <strong>Annullo postale<\/strong><\/p>\n<p>ore 17.00 Inaugurazione e premiazione degli alunni e insegnanti partecipanti al concorso &#8220;<strong>Disegna la cartolina del carnevale monfalconese<\/strong>&#8220;.<\/p>\n<p><em>A cura del Circolo Filatelico Numismatico Monfalconese<\/em><\/p>\n<p><u>\u00a0<\/u><\/p>\n<p><u>Da sabato 3 a marted\u00ec 13 febbraio:<\/u><\/p>\n<p>presso Centro Commerciale di via Pocar a Monfalcone<\/p>\n<p>Esposizione dei disegni partecipanti al concorso &#8220;Disegna la cartolina del carnevale monfalconese&#8221;;<\/p>\n<p>Le cartoline del carnevale Monfalconese (c\/o stand allestito nel centro commerciale).<\/p>\n<p><em>A cura del Circolo Filatelico Numismatico Monfalconese<\/em><\/p>\n<p><strong><u>\u00a0<\/u><\/strong><strong><u>\u00a0<\/u><\/strong><strong>Al \u201cPALATENDA\u201d in Piazza della Repubblica<\/strong><strong><u>\u00a0<\/u><\/strong><\/p>\n<p><strong><u>Gioved\u00ec 8 febbraio<\/u><\/strong>\u00a0dalle ore 10.30 alle ore 12.30 <strong>CAMINADA MASCHERADA<\/strong>I bambini delle scuole dell\u2019infanzia ed elementari di Monfalcone, in maschera, raggiungeranno la Piazza a piedi, dove li attenderanno musica, dolcetti, animazione e la CANTADINA DEI PUTEI, diretta dal maestro Franco Ongaro.<\/p>\n<p><u>\u00a0<\/u><\/p>\n<p>dalle ore 14.00 alle ore 17.00<\/p>\n<p><strong>CARNEVAL DEI PUTEI<\/strong><\/p>\n<p><strong>Animazione per bambini e Zumba\u00ae kids <\/strong><\/p>\n<p><u>\u00a0<\/u><\/p>\n<p>ore 17.30<\/p>\n<p><strong>Discorso del Sindaco ai cittadini<\/strong><\/p>\n<p>Arrivo, in carrozza, di Sior Anzoleto Postier e del Notaio Toio Gratariol<\/p>\n<p>Cerimonia di <strong>consegna delle \u201cChiavi della Citt\u00e0\u201d<\/strong> da parte del Sindaco agli storici personaggi del Carnevale<\/p>\n<p>Proclama del Notaro per l&#8217;<strong>APERTURA UFFICIALE del Carnevale Monfalconese<\/strong> fra cannonate di coriandoli.<\/p>\n<p>&nbsp;<\/p>\n<p>A seguire, dalle 18.30 circa<\/p>\n<p><strong>ADDIO AL CELIBATO DE SIOR ANZOLETO <\/strong><\/p>\n<p>Musica e intrattenimento con <strong>Silver the Cobra<\/strong><\/p>\n<p><strong>Burlesque Show <\/strong>e intrattenimenti vari.<\/p>\n<p><u>\u00a0<\/u><\/p>\n<p><u>Venerd\u00ec 9 febbraio<\/u><\/p>\n<p>dalle ore 14.00 alle ore 17.00<\/p>\n<p><strong>CARNEVAL DEI PUTEI<\/strong><\/p>\n<p>Animazione per bambini con <strong>Ernesto animazioni <\/strong>con la mascotte<strong> Geco dei Super Pigiamini<\/strong><\/p>\n<p><u>\u00a0<\/u><\/p>\n<p><u>Sabato 10 febbraio<\/u>\u00a0dalle ore 14.00 alle ore 17.00<strong>CAVALCHINA DEI PUTEI <\/strong>con sfilata e premiazioni delle mascherineAnimazione con il gruppo <strong>\u201cHarry Potter\u201d<\/strong> con laboratori, magie e giochi a tema.<\/p>\n<p><u>\u00a0<\/u><\/p>\n<p>dalle ore 21.00<\/p>\n<p><strong>GRANDE \u201cVEGLION DE CARNEVAL\u201d<\/strong><\/p>\n<p>Spettacolo, musica e concerto live con i <strong>LOS LOCOS<\/strong>!<\/p>\n<p><u>\u00a0<\/u><\/p>\n<p><u>Domenica 11 febbraio<\/u><\/p>\n<p>dalle ore 14.00 alle ore 17.00<\/p>\n<p><strong>CARNEVAL DEI PUTEI<\/strong><\/p>\n<p>Animazione con il gruppo <strong>\u201cHarry Potter\u201d<\/strong> con laboratori, magie e giochi a tema.\u00a0dalle ore 15.00 alle ore 16.00Esibizione della scuola di ballo <strong>Ilydance<\/strong><strong>\u00a0<\/strong><\/p>\n<p><u>\u00a0<\/u><u>\u00a0<\/u><\/p>\n<p><u>Luned\u00ec 12 febbraio<\/u><\/p>\n<p>dalle ore 14.00 alle ore 17.00<\/p>\n<p><strong>CARNEVAL DEI PUTEI<\/strong><\/p>\n<p><strong>Animazione per bambini con Ernesto animazioni <\/strong><\/p>\n<p>E inoltre, dalle ore 18.30, in <strong>Piazzetta a Panzano<\/strong>Per i bisiachi e non\u2026Corso accelerato de Cantada \u201c<strong>PROVANDO LA CANTADA<\/strong>\u201d<em>Con la Banda Civica Citt\u00e0 di Monfalcone<\/em><strong>I veri bisiachi se trover\u00e0 l\u00ec! Ocio che femo l\u2019appello! Portarse el vin de casa!<\/strong><strong>\u00a0<\/strong><\/p>\n<p><strong>134\u00b0 CARNEVALE MONFALCONESE\u00ae<\/strong><\/p>\n<p><strong>Marted\u00ec 13 febbraio, Centro Citt\u00e0<\/strong><\/p>\n<p><strong>ore 9.00<\/strong> partenza del <strong>corteo degli sposi<\/strong> dalla sede della Pro Loco in Via Mazzini e tradizionale giro di saluto per i borghi della citt\u00e0<\/p>\n<p><strong>ore 11.30<\/strong> Piazza della Repubblica: distribuzione al pubblico dei testi delle canzoni della \u201cCantada\u201d<\/p>\n<p><strong>ore 12.00 in punto: arrivo del corteo degli sposi in Piazza della Repubblica<\/strong><\/p>\n<p><strong>Alzabandiera<\/strong> del Comune accompagnato dall\u2019Inno a Monfalcone<\/p>\n<p>Tradizionale cerimonia e orazione pubblica: <strong>Giuramento del Notaio Toio Gratariol<\/strong> e <strong>Lettura del Testamento de Sior Anzoleto Postier<\/strong><\/p>\n<p><strong>Per la gioia di tutti i bisiachi nel mondo, o impossibilitati a partecipare alla cerimonia, la stessa verr\u00e0 trasmessa in diretta streaming. <\/strong><\/p>\n<p><strong>Cantada in Piaza:<\/strong> tutta la cittadinanza conclude la cerimonia cantando le tipiche canzoni locali, accompagnata dalla Banda Civica Citt\u00e0 di Monfalcone.<\/p>\n<p><strong>dalle 13.30<\/strong>: partenza da Via Matteotti del 134\u00b0 Carnevale Monfalconese con la <strong>Grande Sfilata<\/strong> di carri allegorici, gruppi mascherati e bande musicali.<\/p>\n<p>Il corteo mascherato seguir\u00e0 il tradizionale percorso di ben 3 Km attraverso le seguenti vie: da Via Matteotti svolter\u00e0 a sinistra in Viale San Marco proseguendo poi in Via Bixio e Via Garibaldi. Imboccher\u00e0 poi Via Duca d\u2019Aosta dal Largo Anconetta giungendo per l\u2019esibizione davanti alla Giuria in Piazza della Repubblica. A fine corteo la Giuria proclamer\u00e0 dal palco il vincitore della sfilata nelle categorie carri e gruppi.<\/p>\n<p><strong>A grande richiesta quest\u2019anno ritornano, in apertura della sfilata, il Gruppo Ipanema con le coloratissime e spettacolari ballerine brasiliane.<\/strong><\/p>\n<p>&nbsp;<\/p>\n<p><strong>Al termine della sfilata, al PALATENDA:<\/strong><\/p>\n<p>Ore 17.30<strong> Premiazione \u201cConcorso Vetrine in Maschera\u201d <\/strong><\/p>\n<p>dalle 19.30\u00a0<strong>CENON DE NOZZE in Piaza <\/strong><strong>coi sposi, Notaio, musica e tutta la conpagnia! \u00a0<\/strong><\/p>\n<p><em>Intrattenimento e musica con i <strong>Tre per due<\/strong> <\/em><\/p>\n<p><em>Posti limitati e numerati. Solo su prenotazione.<\/em><\/p>\n<p><em>Per info e prenotazioni rivolgersi alla Pro Loco Monfalcone<\/em><\/p>\n<p><strong>\u00a0<\/strong><\/p>\n<p>Stand del <strong>Circolo Filatelico Numismatico Monfalconese<\/strong> con \u201cLe cartoline del Carnevale Monfalconese 2018\u201d<\/p>\n<p>&nbsp;<\/p>\n<p>Al termine <strong>Ammainabandiera <\/strong>del Comune.<\/p>\n<p>Tutta la sfilata del Carnevale Monfalconese sar\u00e0 ripresa da <strong>Telefriuli<\/strong> e trasmessa la sera stessa<\/p>\n<p>&nbsp;<\/p>\n<p><em>data e luogo da definire<\/em><\/p>\n<p><strong>Premiazioni Magnemo fora de casa\u00ae <\/strong><\/p>\n<p><em>Cerimonia conclusiva con premiazione del miglior men\u00f9 proposto. Consegna del piatto ricordo a tutti i partecipanti.<\/em><\/p>\n<p><em>Momento conviviale con tutti i collaboratori del Carnevale Monfalconese.<\/em><\/p>\n<p>&nbsp;<\/p>\n","protected":false},"excerpt":{"rendered":"<p>I partecipanti alla sfilata del 134\u00b0 Carnevale Monfalconese, in programma marted\u00ec 13 febbraio (o, in caso di maltempo, sabato 17), [&hellip;]<\/p>\n","protected":false},"author":2,"featured_media":0,"comment_status":"closed","ping_status":"closed","sticky":false,"template":"","format":"standard","meta":[],"categories":[4],"tags":[],"_links":{"self":[{"href":"https:\/\/www.monfalcone.info\/index.php\/wp-json\/wp\/v2\/posts\/1180"}],"collection":[{"href":"https:\/\/www.monfalcone.info\/index.php\/wp-json\/wp\/v2\/posts"}],"about":[{"href":"https:\/\/www.monfalcone.info\/index.php\/wp-json\/wp\/v2\/types\/post"}],"author":[{"embeddable":true,"href":"https:\/\/www.monfalcone.info\/index.php\/wp-json\/wp\/v2\/users\/2"}],"replies":[{"embeddable":true,"href":"https:\/\/www.monfalcone.info\/index.php\/wp-json\/wp\/v2\/comments?post=1180"}],"version-history":[{"count":4,"href":"https:\/\/www.monfalcone.info\/index.php\/wp-json\/wp\/v2\/posts\/1180\/revisions"}],"predecessor-version":[{"id":1195,"href":"https:\/\/www.monfalcone.info\/index.php\/wp-json\/wp\/v2\/posts\/1180\/revisions\/1195"}],"wp:attachment":[{"href":"https:\/\/www.monfalcone.info\/index.php\/wp-json\/wp\/v2\/media?parent=1180"}],"wp:term":[{"taxonomy":"category","embeddable":true,"href":"https:\/\/www.monfalcone.info\/index.php\/wp-json\/wp\/v2\/categories?post=1180"},{"taxonomy":"post_tag","embeddable":true,"href":"https:\/\/www.monfalcone.info\/index.php\/wp-json\/wp\/v2\/tags?post=1180"}],"curies":[{"name":"wp","href":"https:\/\/api.w.org\/{rel}","templated":true}]}}