{"id":1305,"date":"2019-02-19T10:18:49","date_gmt":"2019-02-19T09:18:49","guid":{"rendered":"http:\/\/www.monfalcone.info\/?p=1305"},"modified":"2019-03-04T10:51:22","modified_gmt":"2019-03-04T09:51:22","slug":"programma-del-135-carnevale-monfalconese","status":"publish","type":"post","link":"https:\/\/www.monfalcone.info\/index.php\/programma-del-135-carnevale-monfalconese\/","title":{"rendered":"Programma del 135\u00b0 Carnevale Monfalconese"},"content":{"rendered":"<p><a href=\"http:\/\/www.monfalcone.info\/wp-content\/uploads\/2019\/02\/SF-ordine-partenza-001.jpg\"><img loading=\"lazy\" class=\"alignnone size-medium wp-image-1318\" src=\"http:\/\/www.monfalcone.info\/wp-content\/uploads\/2019\/02\/SF-ordine-partenza-001-212x300.jpg\" alt=\"\" width=\"212\" height=\"300\" srcset=\"https:\/\/www.monfalcone.info\/wp-content\/uploads\/2019\/02\/SF-ordine-partenza-001-212x300.jpg 212w, https:\/\/www.monfalcone.info\/wp-content\/uploads\/2019\/02\/SF-ordine-partenza-001-768x1086.jpg 768w, https:\/\/www.monfalcone.info\/wp-content\/uploads\/2019\/02\/SF-ordine-partenza-001-724x1024.jpg 724w, https:\/\/www.monfalcone.info\/wp-content\/uploads\/2019\/02\/SF-ordine-partenza-001.jpg 1240w\" sizes=\"(max-width: 212px) 100vw, 212px\" \/><\/a><a href=\"http:\/\/www.monfalcone.info\/wp-content\/uploads\/2019\/02\/SF-ordine-partenza-002.jpg\"><img loading=\"lazy\" class=\"alignnone size-medium wp-image-1319\" src=\"http:\/\/www.monfalcone.info\/wp-content\/uploads\/2019\/02\/SF-ordine-partenza-002-212x300.jpg\" alt=\"\" width=\"212\" height=\"300\" srcset=\"https:\/\/www.monfalcone.info\/wp-content\/uploads\/2019\/02\/SF-ordine-partenza-002-212x300.jpg 212w, https:\/\/www.monfalcone.info\/wp-content\/uploads\/2019\/02\/SF-ordine-partenza-002-768x1086.jpg 768w, https:\/\/www.monfalcone.info\/wp-content\/uploads\/2019\/02\/SF-ordine-partenza-002-724x1024.jpg 724w, https:\/\/www.monfalcone.info\/wp-content\/uploads\/2019\/02\/SF-ordine-partenza-002.jpg 1240w\" sizes=\"(max-width: 212px) 100vw, 212px\" \/><\/a><\/p>\n<p><a href=\"http:\/\/www.monfalcone.info\/wp-content\/uploads\/2019\/02\/bus-navetta.jpg\"><img loading=\"lazy\" class=\"alignnone size-medium wp-image-1317\" src=\"http:\/\/www.monfalcone.info\/wp-content\/uploads\/2019\/02\/bus-navetta-212x300.jpg\" alt=\"\" width=\"212\" height=\"300\" srcset=\"https:\/\/www.monfalcone.info\/wp-content\/uploads\/2019\/02\/bus-navetta-212x300.jpg 212w, https:\/\/www.monfalcone.info\/wp-content\/uploads\/2019\/02\/bus-navetta-768x1086.jpg 768w, https:\/\/www.monfalcone.info\/wp-content\/uploads\/2019\/02\/bus-navetta-724x1024.jpg 724w, https:\/\/www.monfalcone.info\/wp-content\/uploads\/2019\/02\/bus-navetta.jpg 1240w\" sizes=\"(max-width: 212px) 100vw, 212px\" \/><\/a><\/p>\n<p><a href=\"http:\/\/www.monfalcone.info\/wp-content\/uploads\/2019\/02\/volantino-e-programma-001.jpg\"><img loading=\"lazy\" class=\"alignnone size-medium wp-image-1306\" src=\"http:\/\/www.monfalcone.info\/wp-content\/uploads\/2019\/02\/volantino-e-programma-001-212x300.jpg\" alt=\"\" width=\"212\" height=\"300\" srcset=\"https:\/\/www.monfalcone.info\/wp-content\/uploads\/2019\/02\/volantino-e-programma-001-212x300.jpg 212w, https:\/\/www.monfalcone.info\/wp-content\/uploads\/2019\/02\/volantino-e-programma-001-768x1086.jpg 768w, https:\/\/www.monfalcone.info\/wp-content\/uploads\/2019\/02\/volantino-e-programma-001-724x1024.jpg 724w, https:\/\/www.monfalcone.info\/wp-content\/uploads\/2019\/02\/volantino-e-programma-001.jpg 1240w\" sizes=\"(max-width: 212px) 100vw, 212px\" \/><\/a><\/p>\n<p><a href=\"http:\/\/www.monfalcone.info\/wp-content\/uploads\/2019\/02\/volantino-e-programma-002.jpg\"><img loading=\"lazy\" class=\"alignnone size-medium wp-image-1307\" src=\"http:\/\/www.monfalcone.info\/wp-content\/uploads\/2019\/02\/volantino-e-programma-002-212x300.jpg\" alt=\"\" width=\"212\" height=\"300\" srcset=\"https:\/\/www.monfalcone.info\/wp-content\/uploads\/2019\/02\/volantino-e-programma-002-212x300.jpg 212w, https:\/\/www.monfalcone.info\/wp-content\/uploads\/2019\/02\/volantino-e-programma-002-768x1086.jpg 768w, https:\/\/www.monfalcone.info\/wp-content\/uploads\/2019\/02\/volantino-e-programma-002-724x1024.jpg 724w, https:\/\/www.monfalcone.info\/wp-content\/uploads\/2019\/02\/volantino-e-programma-002.jpg 1240w\" sizes=\"(max-width: 212px) 100vw, 212px\" \/><\/a><\/p>\n<p>&nbsp;<\/p>\n<p><strong>135\u00b0 CARNEVALE MONFALCONESE\u00ae <\/strong><\/p>\n<p><strong>PROGRAMMA<\/strong><\/p>\n<p>&nbsp;<\/p>\n<p><u>Da Venerd\u00ec 8 febbraio a Domenica 10 marzo 2019<\/u><\/p>\n<p>Presso i Ristoranti del Mandamento Monfalconese<\/p>\n<p><strong>MAGNEMO FORA DE CASA\u00ae <\/strong><\/p>\n<p><em>Proposte del Piatto di Carnevale a prezzo fisso in collaborazione con i locali raccomandati dalla Pro Loco. Verr\u00e0 consegnato l\u2019amb\u00ecto premio \u2018Il Piatto del Carnevale\u2019.<\/em><\/p>\n<p><em>L\u2019iniziativa gastronomica isontina che dal 1988 vanta innumerevoli tentativi di imitazione. <\/em><\/p>\n<p><em>(tutti i men\u00f9 sul sito ufficiale della Pro Loco Monfalcone <a href=\"http:\/\/www.monfalcone.info\/\">www.monfalcone.info<\/a> e sulla pagina facebook Pro Loco Monfalcone)<\/em><\/p>\n<p><u>\u00a0<\/u><\/p>\n<p>Per tutto il periodo carnevalesco, presso i negozianti monfalconesi<\/p>\n<p><strong>CONCORSO VETRINE IN MASCHERA<\/strong><\/p>\n<p><strong>\u00a0<\/strong><\/p>\n<p><strong>\u00a0<\/strong><\/p>\n<p><u>Gioved\u00ec 21 febbraio<\/u>, ore 11.30<\/p>\n<p>Municipio, Piazza della Repubblica<\/p>\n<p>Inaugurazione <strong>Mostra degli artisti monfalconesi sul Carnevale<\/strong><\/p>\n<p><u>\u00a0<\/u><\/p>\n<p><u>Dal 21 febbraio al 5 marzo<\/u><\/p>\n<p>Municipio, Piazza della Repubblica<\/p>\n<p><strong>Mostra degli artisti monfalconesi sul Carnevale<\/strong><\/p>\n<p><em>in collaborazione con ENDAS<\/em><\/p>\n<p><u>\u00a0<\/u><\/p>\n<p><u>Gioved\u00ec 21 febbraio<\/u>, ore 12.30<\/p>\n<p>Sala del Consiglio del Comune di Monfalcone, Piazza della Repubblica<\/p>\n<p><strong>CONFERENZA STAMPA<\/strong><\/p>\n<p>Per la presentazione del 135\u00b0 <em>Carnevale Monfalconese<\/em>\u00ae<\/p>\n<p>e presentazione del 64\u00b0 numero de <em>La Cantada\u00ae<\/em><\/p>\n<p>&nbsp;<\/p>\n<p><u>Da venerd\u00ec 22 febbraio<\/u><\/p>\n<p>nelle edicole del Mandamento Monfalconese<\/p>\n<p><strong>LA CANTADA\u00ae <\/strong><\/p>\n<p><em>Uscita della 64a edizione dell\u2019imperdibile numero unico umoristico-satirico in dialetto bisi\u00e0c sui personaggi e i fatti della Bisiacar\u00eca.<\/em><\/p>\n<p><u>\u00a0<\/u><\/p>\n<p><u>Sabato 23 febbraio<\/u>, ore 16.00<\/p>\n<p>vie del centro<\/p>\n<p><strong>FIESTA<\/strong><\/p>\n<p>spettacolo di strada della compagnia Teatro Due Mondi di Faenza<\/p>\n<p>Info su www.teatromonfalcone.it<\/p>\n<p><em>A cura dell\u2019Assessorato alla Cultura del Comune di Monfalcone<\/em><\/p>\n<p>&nbsp;<\/p>\n<p><u>Sabato 23 febbraio<\/u><\/p>\n<p>presso Centro Commerciale di via Pocar a Monfalcone<\/p>\n<p>dalle ore 10.00 alle ore 16.00 <strong>Annullo postale<\/strong><\/p>\n<p>ore 17.00 Inaugurazione e premiazione degli alunni e insegnanti partecipanti al concorso &#8220;<strong>Disegna la cartolina del carnevale monfalconese<\/strong>&#8220;.<\/p>\n<p><em>A cura del Circolo Filatelico Numismatico Monfalconese<\/em><\/p>\n<p><u>\u00a0<\/u><\/p>\n<p><u>Da sabato 23 febbraio a marted\u00ec 5 marzo:<\/u><\/p>\n<p>presso Centro Commerciale di via Pocar a Monfalcone<\/p>\n<p>Esposizione dei disegni partecipanti al concorso &#8220;Disegna la cartolina del carnevale monfalconese&#8221;;<\/p>\n<p>Le cartoline del carnevale Monfalconese (c\/o stand allestito nel centro commerciale).<\/p>\n<p><em>A cura del Circolo Filatelico Numismatico Monfalconese<\/em><\/p>\n<p><em>\u00a0<\/em><\/p>\n<p><u>Dal 24 febbraio al 5 marzo<\/u><\/p>\n<p>Atrio del Municipio in Piazza della Repubblica a Monfalcone<\/p>\n<p><strong>\u201cEL CARNEVAL DE MOFALCON\u201d <\/strong><\/p>\n<p>mostra dei disegni realizzati dalle classi delle scuole primarie del monfalconese.<\/p>\n<p><em>\u00a0<\/em><\/p>\n<p><em>\u00a0<\/em><\/p>\n<p><strong>Al \u201cPALATENDA\u201d in Piazza della Repubblica<\/strong><strong><u>\u00a0<\/u><\/strong><\/p>\n<p><u>Gioved\u00ec 28 febbraio<\/u><\/p>\n<p><strong>\u00a0<\/strong><\/p>\n<p>dalle ore 10.00 alle ore 12.00 <strong>CAMINADA MASCHERADA<\/strong>I bambini delle scuole dell\u2019infanzia ed elementari di Monfalcone, in maschera, raggiungeranno a piedi la Piazza, dove saranno accolti da musica, dolcetti, animazione e la <strong>CANTADINA DEI PUTEI<\/strong>, diretta dal maestro Franco Ongaro, in collaborazione con il Teatro della Stropula.<\/p>\n<p><strong>\u00a0<\/strong><\/p>\n<p><strong>\u00a0\u201cEL CARNEVAL DE MOFALCON\u201d <\/strong><\/p>\n<p>Cerimonia di consegna di un riconoscimento alle classi delle scuole primarie del monfalconese partecipanti all\u2019iniziativa di disegno con mostra presso l\u2019atrio del Municipio.<\/p>\n<p><strong>\u00a0<\/strong><\/p>\n<p>Intrattenimento con <strong>Animazione Joy<\/strong><\/p>\n<p><strong>\u00a0<\/strong><\/p>\n<p>dalle ore 15.00 alle ore 18.00<\/p>\n<p><strong>CARNEVAL DE LE FEMENE<\/strong> \u2026porta la femena a balar<\/p>\n<p>con balli di gruppo, musica dal vivo con Dario ed Elga, elezione di Miss Carnevalet e premi vari.<\/p>\n<p><strong>\u00a0<\/strong><\/p>\n<p><strong>Discorso del Sindaco ai cittadini <\/strong>e cerimonia di <strong>consegna delle \u201cChiavi della Citt\u00e0\u201d<\/strong> alla Pro Loco.<\/p>\n<p><u>\u00a0<\/u><\/p>\n<p><u>Venerd\u00ec 1 marzo<\/u><\/p>\n<p><strong>\u00a0<\/strong><\/p>\n<p>dalle ore 14.30 alle ore 17.30<\/p>\n<p><strong>CARNEVAL DEI PUTEI<\/strong><\/p>\n<p>Spettacolo di magia con il prestigiatore Albert<\/p>\n<p>Ernesto Animazioni<\/p>\n<p><strong>\u00a0<\/strong><\/p>\n<p>A seguire<\/p>\n<p>Cerimonia di consegna dei diplomi alle associazioni che hanno aderito alla giornata Europea della Musica e al IV Festival della danza<\/p>\n<p><em>A cura del Comune di Monfalcone<\/em><\/p>\n<p><u>\u00a0<\/u><\/p>\n<p><u>Sabato 2 marzo<\/u><\/p>\n<p><strong>\u00a0<\/strong><\/p>\n<p>dalle ore 14.00 alle ore 17.30 *<\/p>\n<p><strong>CAVALCHINA DEI PUTEI <\/strong>con sfilata e premiazioni delle mascherineErnesto Animazioni<\/p>\n<p><strong>\u00a0<\/strong><\/p>\n<p>* dalle ore 14.00 alle ore 15.15: Iscrizioniore 15.30: inizio sfilata ore 17.00: premiazioni<\/p>\n<p><strong>\u00a0<\/strong><\/p>\n<p><u>\u00a0<\/u><\/p>\n<p><u>\u00a0<\/u><\/p>\n<p><u>Sabato 2 marzo<\/u>, ore 20.45<\/p>\n<p>Teatro Comunale di Monfalcone<\/p>\n<p><strong>Una delle ultime sere di carnovale<\/strong><\/p>\n<p>commedia in dialetto veneziano di Carlo Goldoni<\/p>\n<p>A cura del Gruppo Teatrale La Trappola di Vicenza<\/p>\n<p>Info su www.teatromonfalcone.it<\/p>\n<p><em>A cura dell\u2019Assessorato alla Cultura del Comune di Monfalcone<\/em><\/p>\n<p><u>\u00a0<\/u><\/p>\n<p><u>Domenica 3 marzo<\/u><\/p>\n<p>&nbsp;<\/p>\n<p>dalle ore 10.00 alle ore 12.00<\/p>\n<p><strong>CAN-nevale IN PIAZZA<\/strong><\/p>\n<p>Gara non competitiva degli amici a quattro zampe. Premi e giochi.<\/p>\n<p>dalle ore 14.30 alle ore 17.30<\/p>\n<p><strong>CARNEVAL DEI PUTEI<\/strong><\/p>\n<p>Ernesto Animazioni\u00a0dalle 15.00 alle 16.00 Esibizione <strong>scuola di ballo<em> Ilydance<\/em><\/strong><\/p>\n<p><u>\u00a0<\/u><\/p>\n<p><u>Luned\u00ec 4 marzo<\/u><\/p>\n<p>&nbsp;<\/p>\n<p>dalle ore 14.30 alle ore 17.30<\/p>\n<p><strong>CARNEVAL DEI PUTEI<\/strong><\/p>\n<p>Ernesto Animazioni<\/p>\n<p>&nbsp;<\/p>\n<p><strong>E alle 17.00\u2026 tutti in Piazzetta a Panzano <\/strong><\/p>\n<p>Per i bisiachi e non\u2026Corso accelerato de Cantada \u201c<strong>PROVANDO LA CANTADA<\/strong>\u201d<em>Con la Banda Civica Citt\u00e0 di Monfalcone<\/em>I veri bisiachi se trover\u00e0 l\u00ec! Ocio che femo l\u2019appello! Portarse el vin de casa!<\/p>\n<p><strong>\u00a0<\/strong><strong>\u00a0<\/strong><strong>\u00a0<\/strong><\/p>\n<p><strong>135\u00b0 CARNEVALE MONFALCONESE\u00ae<\/strong><\/p>\n<p><strong>Marted\u00ec 5 marzo, Centro Citt\u00e0<\/strong><\/p>\n<p><strong>\u00a0<\/strong><\/p>\n<p><strong>ore 9.00<\/strong> partenza del <strong>corteo degli sposi<\/strong> dalla sede della Pro Loco in Via Mazzini e tradizionale giro di saluto per i borghi della citt\u00e0<\/p>\n<p><strong>\u00a0<\/strong><\/p>\n<p><strong>ore 11.30<\/strong> Piazza della Repubblica: distribuzione al pubblico dei testi delle canzoni della \u201cCantada\u201d<\/p>\n<p><strong>\u00a0<\/strong><\/p>\n<p><strong>ore 12.00 in punto: arrivo del corteo degli sposi in Piazza della Repubblica<\/strong><\/p>\n<p><strong>\u00a0<\/strong><\/p>\n<p><strong>Alzabandiera<\/strong> del Comune accompagnato dall\u2019Inno a Monfalcone<\/p>\n<p>&nbsp;<\/p>\n<p>Tradizionale cerimonia e orazione pubblica\u2026 quest\u2019anno nuovamente dal terrazzo della Loggia del Municipio:<\/p>\n<p><strong>Giuramento del Notaio Toio Gratariol<\/strong> e <strong>Lettura del Testamento de Sior Anzoleto Postier<\/strong><\/p>\n<p><strong>(<\/strong>Per la gioia di tutti i bisiachi nel mondo, o impossibilitati a partecipare alla cerimonia, la stessa verr\u00e0 trasmessa in diretta streaming)<\/p>\n<p><strong>\u00a0<\/strong><\/p>\n<p><strong>Cantada in Piaza:<\/strong> tutta la cittadinanza conclude la cerimonia cantando le tipiche canzoni locali, accompagnata dalla Banda Civica Citt\u00e0 di Monfalcone.<\/p>\n<p>&nbsp;<\/p>\n<p>&nbsp;<\/p>\n<p>&nbsp;<\/p>\n<p>A conclusione della Cantada e in attesa dell\u2019arrivo della sfilata in Piazza<\/p>\n<p><strong>\u201cPRANZO DE NOZE IN PIAZA\u201d coi sposi, Notaio e tutta la conpagnia! <\/strong><\/p>\n<p><em>Posti limitati. Solo su prenotazione.<\/em><\/p>\n<p><em>Per info e prenotazioni rivolgersi Pro Loco Monfalcone<\/em><\/p>\n<p>&nbsp;<\/p>\n<p><strong>dalle 14.00<\/strong>: partenza da Via Matteotti del 135\u00b0 Carnevale Monfalconese con la <strong>Grande Sfilata<\/strong> di carri allegorici, gruppi mascherati e bande musicali.<\/p>\n<p>Il serpentone mascherato seguir\u00e0 il tradizionale percorso di ben 3 Km attraverso le seguenti vie: da Via Matteotti svolter\u00e0 a sinistra in Viale San Marco proseguendo poi in Via Bixio e Via Garibaldi. Imboccher\u00e0 poi Via Duca d\u2019Aosta dal Largo Anconetta giungendo per l\u2019esibizione davanti alla Giuria in Piazza della Repubblica. A fine corteo la Giuria proclamer\u00e0 dal palco il vincitore della sfilata nelle categorie carri e gruppi.<\/p>\n<p>A grande richiesta quest\u2019anno ritornano, in apertura della sfilata, il Gruppo Ipanema con le coloratissime e spettacolari ballerine brasiliane.<\/p>\n<p><strong>Con la partecipazione di una madrina d\u2019eccezione: la modella e show-girl <\/strong><strong>Nina Mori\u0107<\/strong><strong>!<\/strong><\/p>\n<p><strong>\u00a0<\/strong><\/p>\n<p><strong>Al termine della sfilata, al PALATENDA:<\/strong><\/p>\n<p>Ore 18.00<strong> Gran finale con musica, cabaret e spettacolo con i CRAMPI ELISI: <\/strong><\/p>\n<p><strong>Maxino, Elisa Bombacigno e Flavio Furian (Uolter \u201cla Boba de Borgo\u201d)<\/strong><\/p>\n<p><em>\u00a0<\/em><\/p>\n<p>&nbsp;<\/p>\n<p>Al termine <strong>Ammainabandiera <\/strong>del Comune.<\/p>\n<p>Tutta la sfilata del Carnevale Monfalconese sar\u00e0 ripresa da <strong>Telefriuli<\/strong> e trasmessa la sera stessa<\/p>\n<p><strong>\u00a0<\/strong><\/p>\n<p>Durante la giornata, in Piazza, sar\u00e0 presente come da tradizione lo stand del <strong>Circolo Filatelico Numismatico Monfalconese<\/strong> con \u201cLe cartoline del Carnevale Monfalconese 2019\u201d<\/p>\n<p><em>\u00a0<\/em><\/p>\n<p><strong>\u00a0<\/strong><\/p>\n<p>Ore 20.45<\/p>\n<p>Teatro Comunale di Monfalcone<\/p>\n<p><strong>El tesoro de Franz Josef<\/strong><\/p>\n<p>A cura dell\u2019Associazione Collettivo Terzo Teatro di Gorizia<\/p>\n<p>Info su www.teatromonfalcone.it<\/p>\n<p><em>A cura dell\u2019Assessorato alla Cultura del Comune di Monfalcone<\/em><\/p>\n<p>&nbsp;<\/p>\n<p><em>\u00a0<\/em><\/p>\n<p><em>\u00a0<\/em><em>\u00a0<\/em><\/p>\n<p><em>data e luogo da definire<\/em><\/p>\n<p><strong>\u00a0<\/strong><\/p>\n<p><strong>Premiazioni MAGNEMO FORA DE CASA\u00ae <\/strong><\/p>\n<p>Cerimonia conclusiva con premiazione del miglior men\u00f9 proposto. Consegna del piatto ricordo a tutti i partecipanti. <em>Momento conviviale con tutti i collaboratori del Carnevale Monfalconese.<\/em><\/p>\n<p><strong>\u00a0<\/strong><\/p>\n<p><strong>Premiazioni del CONCORSO VETRINE IN MASCHERA<\/strong><\/p>\n<p>&nbsp;<\/p>\n","protected":false},"excerpt":{"rendered":"<p>&nbsp; 135\u00b0 CARNEVALE MONFALCONESE\u00ae PROGRAMMA &nbsp; Da Venerd\u00ec 8 febbraio a Domenica 10 marzo 2019 Presso i Ristoranti del Mandamento [&hellip;]<\/p>\n","protected":false},"author":2,"featured_media":0,"comment_status":"closed","ping_status":"closed","sticky":false,"template":"","format":"standard","meta":[],"categories":[4],"tags":[],"_links":{"self":[{"href":"https:\/\/www.monfalcone.info\/index.php\/wp-json\/wp\/v2\/posts\/1305"}],"collection":[{"href":"https:\/\/www.monfalcone.info\/index.php\/wp-json\/wp\/v2\/posts"}],"about":[{"href":"https:\/\/www.monfalcone.info\/index.php\/wp-json\/wp\/v2\/types\/post"}],"author":[{"embeddable":true,"href":"https:\/\/www.monfalcone.info\/index.php\/wp-json\/wp\/v2\/users\/2"}],"replies":[{"embeddable":true,"href":"https:\/\/www.monfalcone.info\/index.php\/wp-json\/wp\/v2\/comments?post=1305"}],"version-history":[{"count":3,"href":"https:\/\/www.monfalcone.info\/index.php\/wp-json\/wp\/v2\/posts\/1305\/revisions"}],"predecessor-version":[{"id":1321,"href":"https:\/\/www.monfalcone.info\/index.php\/wp-json\/wp\/v2\/posts\/1305\/revisions\/1321"}],"wp:attachment":[{"href":"https:\/\/www.monfalcone.info\/index.php\/wp-json\/wp\/v2\/media?parent=1305"}],"wp:term":[{"taxonomy":"category","embeddable":true,"href":"https:\/\/www.monfalcone.info\/index.php\/wp-json\/wp\/v2\/categories?post=1305"},{"taxonomy":"post_tag","embeddable":true,"href":"https:\/\/www.monfalcone.info\/index.php\/wp-json\/wp\/v2\/tags?post=1305"}],"curies":[{"name":"wp","href":"https:\/\/api.w.org\/{rel}","templated":true}]}}