{"id":1334,"date":"2019-05-14T16:06:37","date_gmt":"2019-05-14T14:06:37","guid":{"rendered":"http:\/\/www.monfalcone.info\/?p=1334"},"modified":"2019-06-03T15:28:40","modified_gmt":"2019-06-03T13:28:40","slug":"festa-del-vino-e-terre-di-magici-sapori","status":"publish","type":"post","link":"https:\/\/www.monfalcone.info\/index.php\/festa-del-vino-e-terre-di-magici-sapori\/","title":{"rendered":"Festa del Vino e Terre di Magici Sapori"},"content":{"rendered":"<p>&nbsp;<\/p>\n<p>&nbsp;<\/p>\n<p><a href=\"http:\/\/www.monfalcone.info\/wp-content\/uploads\/2019\/05\/Volantino-programma.jpg\"><img loading=\"lazy\" class=\"alignnone size-medium wp-image-1346\" src=\"http:\/\/www.monfalcone.info\/wp-content\/uploads\/2019\/05\/Volantino-programma-212x300.jpg\" alt=\"\" width=\"212\" height=\"300\" srcset=\"https:\/\/www.monfalcone.info\/wp-content\/uploads\/2019\/05\/Volantino-programma-212x300.jpg 212w, https:\/\/www.monfalcone.info\/wp-content\/uploads\/2019\/05\/Volantino-programma-768x1086.jpg 768w, https:\/\/www.monfalcone.info\/wp-content\/uploads\/2019\/05\/Volantino-programma-724x1024.jpg 724w, https:\/\/www.monfalcone.info\/wp-content\/uploads\/2019\/05\/Volantino-programma.jpg 1240w\" sizes=\"(max-width: 212px) 100vw, 212px\" \/><\/a><\/p>\n<p><a href=\"http:\/\/www.monfalcone.info\/wp-content\/uploads\/2019\/05\/volantino-pagina-ospiti.jpg\"><img loading=\"lazy\" class=\"alignnone size-medium wp-image-1345\" src=\"http:\/\/www.monfalcone.info\/wp-content\/uploads\/2019\/05\/volantino-pagina-ospiti-212x300.jpg\" alt=\"\" width=\"212\" height=\"300\" srcset=\"https:\/\/www.monfalcone.info\/wp-content\/uploads\/2019\/05\/volantino-pagina-ospiti-212x300.jpg 212w, https:\/\/www.monfalcone.info\/wp-content\/uploads\/2019\/05\/volantino-pagina-ospiti-768x1086.jpg 768w, https:\/\/www.monfalcone.info\/wp-content\/uploads\/2019\/05\/volantino-pagina-ospiti-724x1024.jpg 724w, https:\/\/www.monfalcone.info\/wp-content\/uploads\/2019\/05\/volantino-pagina-ospiti.jpg 1240w\" sizes=\"(max-width: 212px) 100vw, 212px\" \/><\/a><\/p>\n<p>&nbsp;<\/p>\n<p><strong>Degustazioni di vini <\/strong>proposti da varie aziende vitivinicole abbinati a prodotti tipici locali.<\/p>\n<p><strong>Fornite cucine<\/strong> di carne, pesce, pizzeria con forno a legna e dolci.<\/p>\n<p>Musica e intrattenimenti, ospiti, eventi culturali e sportivi, mostre, esibizioni culinarie.<\/p>\n<p>&nbsp;<\/p>\n<p><strong>Area KOLIN (Zona Campanile)<\/strong><\/p>\n<p>Area delimitata per la degustazione di vini in calici di vetro e pietanze, con la partecipazione dei pi\u00f9 noti produttori.<\/p>\n<p>Saranno con noi: San Lurins, Piedimont, Primosic, Fiegl, Il Carpino, Korsic, Muzic, Edi Keber, Picech, Sturm, Blazic, Kristian Keber, Consorzio Collio.<\/p>\n<p>Il 12 giugno alle 18.00 sar\u00e0 presente nello spazio Kolin Mauro Lorenzon oste de la Mascareta di Venezia e giudice di Masterchef.<\/p>\n<p>Ogni sera dalle 18.00 alle 20.00 saranno presenti a rotazione i produttori dei vini dove sar\u00e0 possibile incontrarli e scambiare trucchi e segreti dei loro vini.<\/p>\n<p>Da gioved\u00ec a domenica, dalle 17.00 alle 18.00 conferenze culturali ed enogastronomiche in collaborazione al Consorzio Culturale del Monfalconese e ai vari Ecomusei della Regione.<\/p>\n<p>Tutte le sere musica dal vivo jazz, swing e acustica.<\/p>\n<p><em>A cura di Osteria Contemporanea Brocante <\/em><\/p>\n<p>&nbsp;<\/p>\n<p>Presso lo Stand della Pro Loco Monfalcone in Piazza della Repubblica: Infopoint e distribuzione libretto \u201cBevendo la Cantada\u201d; disponibilit\u00e0 Alcooltest; Vendita cartelle della tombola.<\/p>\n<p>Presso l\u2019ufficio IAT in via Sant\u2019Ambrogio, 21: Infopoint e distribuzione libretto \u201cBevendo la Cantada\u201d.<\/p>\n<p>&nbsp;<\/p>\n<p>&nbsp;<\/p>\n<h2><strong><u>Marted\u00ec 11 giugno<\/u><\/strong><\/h2>\n<p>ANTEPRIMA \u2026 ASPETTANDO LA FESTA DEL VINO<\/p>\n<p><strong>100\u00b0 Anniversario della Cooperativa fra Pescatori di Monfalcone <\/strong><\/p>\n<p><strong>11 giugno 1919 \u2013 11 giugno 2019<\/strong><\/p>\n<p>Sala del Consiglio del Comune di Monfalcone, ore 18.00<\/p>\n<p>Saluto delle Autorit\u00e0:<\/p>\n<p><em>&#8211; Anna Cisint, Sindaco del Comune di Monfalcone<\/em><\/p>\n<p><em>&#8211; Massimiliano Fedriga, Presidente della Regione Autonoma Friuli-Venezia Giulia<\/em><\/p>\n<p><em>&#8211; Capitaneria di Porto<\/em><\/p>\n<p><em>&#8211; CCM Ecomuseo<\/em><\/p>\n<p>Interventi della<em> Cooperativa fra Pescatori fra storia e futuro<\/em><\/p>\n<p>Presentazioni: \u201cUna passione lunga 100 anni\u201d, pubblicazione sulla storia della cooperativa e della pesca a Monfalcone<\/p>\n<p><em>A cura di Associazione Sei di Monfalcone se e Cooperativa Pescatori<\/em><\/p>\n<p>&nbsp;<\/p>\n<p>Atrio del Municipio di Monfalcone, ore 19.00<\/p>\n<p>Inaugurazione dello spazio espositivo (dall\u201911 al 16 giugno)<\/p>\n<p><strong>Mostra di fotografie e documenti sulla pesca a Monfalcone<\/strong>, a cura di Pietro Commisso<\/p>\n<p><strong>Mostra del progetto di ristrutturazione dell\u2019area<\/strong>, a cura dell\u2019Ufficio Tecnico del Comune<\/p>\n<p><strong>Il pesce del nostro mare e la nostra cucina<\/strong>, a cura del GAC FVG2<\/p>\n<p><em>A cura di Associazione Sei di Monfalcone se e Cooperativa Pescatori<\/em><\/p>\n<p>&nbsp;<\/p>\n<p>Piazza della Repubblica, <strong>ore 20.00<\/strong><\/p>\n<p>Buffet-rinfresco e musica<\/p>\n<p><em>A cura di Associazione Sei di Monfalcone se e Cooperativa Pescatori<\/em><\/p>\n<p>&nbsp;<\/p>\n<p>&nbsp;<\/p>\n<h2><strong><u>Mercoled\u00ec 12 giugno<\/u><\/strong><\/h2>\n<p>Sala del Consiglio \u2013 Municipio Piazza della Repubblica, ore 17.00<\/p>\n<p><strong>PRESENTAZIONE DELLA FESTA<\/strong><\/p>\n<p>Con intervento del Presidente della Pro Loco Franco Miglia e delle Autorit\u00e0.<\/p>\n<p>&nbsp;<\/p>\n<p><strong>CONFERENZA D\u2019APERTURA <\/strong><\/p>\n<p>Parliamo di:<\/p>\n<p><strong>\u201cVivaismo viticolo nel Friuli austriaco, nel Goriziano e Bisiacar\u00eca\u201d <\/strong><\/p>\n<p>Relatori: l\u2019agronomo giornalista dott. <strong>Claudio Fabbro<\/strong> e l\u2019enologo dott. <strong>Rodolfo Rizzi<\/strong>, Presidente Assoenologi Friuli V.G.<\/p>\n<p><em>A seguire brindisi con ribolla gialla Az. Agr. Barducci Ronchi dei Legionari<\/em><\/p>\n<p>&nbsp;<\/p>\n<p>Piazza della Repubblica, ore 18.30<\/p>\n<p><strong>INAUGURAZIONE<\/strong> <strong>DELLA 62a FESTA DEL VINO<\/strong><\/p>\n<p>Taglio del nastro alla presenza delle Autorit\u00e0, con la partecipazione della <strong>Banda Civica Citt\u00e0 di Monfalcone <\/strong>e dell\u2019Associazione <strong>Gruppo Costumi Tradizionali Bisiachi<\/strong> di Turriaco<\/p>\n<p><strong>ARRIVO DELLA STAFFETTA CON LA FIACCOLA E ACCENSIONE DEL BRACIERE DELL\u2019AMICIZIA <\/strong><em>A cura del Marathon Club Monfalcone<\/em><\/p>\n<p>&nbsp;<\/p>\n<p>Piazza della Repubblica, ore 21.00<\/p>\n<p>Concerto live con i <strong>Blockbusters<\/strong> con ospiti della World Music School<\/p>\n<p><strong>\u00a0<\/strong><\/p>\n<h2><strong>\u00a0<\/strong><strong><u>Gioved\u00ec 13 giugno<\/u><\/strong><\/h2>\n<p>Piazza della Repubblica, ore 18.00<\/p>\n<p>Parliamo di: \u201c<strong>La Bisiacar\u00eca, al Bis\u00ecac, i bis\u00ecachi<\/strong>\u201d<\/p>\n<p><em>A cura del Presidente dell\u2019Associazione Culturale Bisiaca, Prof. Ivan Portelli<\/em><\/p>\n<p>&nbsp;<\/p>\n<p>Piazza della Repubblica, ore 19.00<\/p>\n<p>Show cooking con la food blogger <strong>Agnese Russo<\/strong> de: \u201cLa cucina di Agnese\u201d<\/p>\n<p>&nbsp;<\/p>\n<p>Piazza della Repubblica, ore 21.00<\/p>\n<p>Serata musicale con la blues band <strong>PROGNOSI RISERVATA<\/strong><\/p>\n<p>&nbsp;<\/p>\n<p>&nbsp;<\/p>\n<h2><strong><u>Venerd\u00ec 14 giugno<\/u><\/strong><\/h2>\n<p>Piazza Falcone Borsellino, ore 17.00<\/p>\n<p><strong>11a GIMKANA \u201cBIKE CITT\u00c0\u2019 DI MONFALCONE\u201d<\/strong><\/p>\n<p>Slalom a cronometro in bike per bambini dai 5 ai 14 anni<\/p>\n<p><em>A cura della \u201cCiclistica Bike Team Carso\u201d<\/em><\/p>\n<p>&nbsp;<\/p>\n<p>Piazza della Repubblica, ore 17.00<\/p>\n<p>\u201c<strong>BISCOTTIAMO\u201d <em>Creazione di biscotti coi bambini<\/em><\/strong><\/p>\n<p>&nbsp;<\/p>\n<p>Piazza della Repubblica, ore 19.00<\/p>\n<p>Parliamo di: \u201c<strong>Salute, Movimento e\u2026 vino: il piacere di sentirsi bene<\/strong>\u201d<\/p>\n<p>con Annalisa Dorbol\u00f2 e Roberto Travan,<\/p>\n<p>autori di \u201c<strong>Da domani mi muovo<\/strong>\u201d, un libro, un metodo, uno stile di vita.<\/p>\n<p>&nbsp;<\/p>\n<p>Zona Campanile, ore 20.00<\/p>\n<p><strong>DIMOSTRAZIONE DI SALITA E DISCESA DEL CAMPANILE CON IL SOLO USO DELLA CORDA <\/strong>Tecnica della quale gli speleologi si servono per l\u2019esplorazione delle grotte.<\/p>\n<p>Sar\u00e0 inoltre presente uno stand dove alcuni speleologi illustreranno l\u2019affascinante mondo sotterraneo attraverso dimostrazioni con immagini, depliant, attrezzature e altro materiale didattico.<br \/>\n<em>A cura del Gruppo Speleologico Monfalconese \u201cAmici del Fante\u201d<\/em><\/p>\n<p>&nbsp;<\/p>\n<p>Piazza della Repubblica, ore 21.30<\/p>\n<p>Concerto <strong>\u201con NEW TROLLS\u201d<\/strong> LIVE TOUR<\/p>\n<p>&nbsp;<\/p>\n<h2><strong><u>Sabato 15 giugno<\/u><\/strong><\/h2>\n<p>Sala del Consiglio \u2013 Municipio Piazza della Repubblica, ore 10.00<\/p>\n<p>Saluto delle Autorit\u00e0<\/p>\n<p>&#8211; Anna Cisint, Sindaco del Comune di Monfalcone<\/p>\n<p>&#8211; Stefano Zanier, Assessore alle risorse agroalimentari, forestali e ittiche<\/p>\n<p>&#8211; Capitaneria di Porto<\/p>\n<p>&#8211; Presidente GAC FVG<\/p>\n<p>&#8211; CCM Ecomuseo<\/p>\n<p>Interventi:<\/p>\n<p>&#8211; <strong>Il patrimonio culturale delle zone di pesca nell\u2019alto adriatico<\/strong> (GAC)<\/p>\n<p>&#8211; <strong>Il ruolo dei pescatori nella nuova societ\u00e0: turismo, cultura, ambiente<\/strong> (GAC)<\/p>\n<p>&#8211; <strong>La pesca nell\u2019Alto Adriatico<\/strong><\/p>\n<p><em>A cura di GAL FVG e Associazione Sei di Monfalcone se<\/em><\/p>\n<p>&nbsp;<\/p>\n<p>Atrio del Municipio &#8211; Piazza della Repubblica, ore 14.00<\/p>\n<p><strong>TORNEO DI BURRACO<\/strong><\/p>\n<p>ACCREDITAMENTO: ore 14,00; INIZIO TORNEO: ore 15,00<\/p>\n<p>TORNEO: amichevole di un turno Mitchell e tre Danesi<\/p>\n<p>REGOLAMENTO DI GIOCO: F.I.BUR<\/p>\n<p>QUOTA ISCRIZIONE: \u20ac 5,00<\/p>\n<p>PREMI: gastronomici alle prime tre coppie classificate.<\/p>\n<p>Ricavato devoluto alla CRI di Gorizia<\/p>\n<p><em>A cura di As. Bur. Go. Associazione Burraco Gorizia in collaborazione con UTE Monfalcone<\/em><\/p>\n<p>&nbsp;<\/p>\n<p>Piazza Cavour, ore 18.00<\/p>\n<p><strong>A DORSO DI PONY<\/strong><\/p>\n<p>Giri in sella e spettacolo equestre coi pony e artisti del <em>Fabietto fans club\u00a0<\/em><\/p>\n<p>&nbsp;<\/p>\n<p>Piazza della Repubblica, ore 18.30<\/p>\n<p>Show cooking \u201c<strong>DAL MARE ALLA TAVOLA, PULIRE E PREPARARE IL PESCE\u201d <\/strong><\/p>\n<p><em>A cura di Associazione Sei di Monfalcone se, Cooperativa Pescatori e Rione Centro<\/em><\/p>\n<p><strong>\u00a0<\/strong><\/p>\n<p>Piazza della Repubblica, ore 18.30<\/p>\n<p>Show cooking con il noto volto televisivo e chef <strong>ANDY LUOTTO<\/strong><\/p>\n<p>&nbsp;<\/p>\n<p>Piazza della Repubblica, ore 21.00<\/p>\n<p>Concerto con la cover band dei Pooh: <strong>I SOLITI POOH<\/strong><\/p>\n<p>&nbsp;<\/p>\n<p>Piazza della Repubblica, ore 23.00<\/p>\n<p><strong>9a TOMBOLA BISIACA<\/strong><\/p>\n<p>Estrazione della tombola con un montepremi \u20ac 2.000<\/p>\n<p><em>In caso di maltempo l\u2019estrazione viene rinviata a domenica 16.<\/em><\/p>\n<p>&nbsp;<\/p>\n<p><strong><em>\u00a0<\/em><\/strong><\/p>\n<h2><strong><u>Domenica 16 giugno<\/u><\/strong><\/h2>\n<p>Via Battisti, ore 17.00<\/p>\n<p>Partenza della gara di podismo <strong>CRONOSCALATA DE LA ROCCA<\/strong><\/p>\n<p><em>A cura dell\u2019Atletica Fincantieri Monfalcone <\/em><\/p>\n<p><em>Info: <a href=\"http:\/\/www.atleticamonfalcone.blogspot.it\/\">www.atleticamonfalcone.blogspot.it<\/a> o Roberto 3930066513<\/em><\/p>\n<p>&nbsp;<\/p>\n<p>Piazza della Repubblica, ore 18.00<\/p>\n<p>Presentazione del libro \u201c<strong>I nostri magnari<\/strong>\u201d di Giada Polimeno<\/p>\n<p>&nbsp;<\/p>\n<p>Piazza della Repubblica, ore 19.00<\/p>\n<p>Show cooking con il noto volto televisivo e chef <strong>ANDY LUOTTO <\/strong>dedicato alla carne<\/p>\n<p>&nbsp;<\/p>\n<p>Piazza della Repubblica, ore 20.30<\/p>\n<p><strong>Premiazioni CRONOSCALATA DE LA ROCCA<\/strong><\/p>\n<p>&nbsp;<\/p>\n<p>Piazza della Repubblica, ore 21.00<\/p>\n<p>Spettacolo di musiche e danze con<\/p>\n<p><strong>ILYDANCE STUDIO SHOW<\/strong><\/p>\n","protected":false},"excerpt":{"rendered":"<p>&nbsp; &nbsp; &nbsp; Degustazioni di vini proposti da varie aziende vitivinicole abbinati a prodotti tipici locali. Fornite cucine di carne, [&hellip;]<\/p>\n","protected":false},"author":2,"featured_media":0,"comment_status":"closed","ping_status":"closed","sticky":false,"template":"","format":"standard","meta":[],"categories":[6],"tags":[],"_links":{"self":[{"href":"https:\/\/www.monfalcone.info\/index.php\/wp-json\/wp\/v2\/posts\/1334"}],"collection":[{"href":"https:\/\/www.monfalcone.info\/index.php\/wp-json\/wp\/v2\/posts"}],"about":[{"href":"https:\/\/www.monfalcone.info\/index.php\/wp-json\/wp\/v2\/types\/post"}],"author":[{"embeddable":true,"href":"https:\/\/www.monfalcone.info\/index.php\/wp-json\/wp\/v2\/users\/2"}],"replies":[{"embeddable":true,"href":"https:\/\/www.monfalcone.info\/index.php\/wp-json\/wp\/v2\/comments?post=1334"}],"version-history":[{"count":3,"href":"https:\/\/www.monfalcone.info\/index.php\/wp-json\/wp\/v2\/posts\/1334\/revisions"}],"predecessor-version":[{"id":1347,"href":"https:\/\/www.monfalcone.info\/index.php\/wp-json\/wp\/v2\/posts\/1334\/revisions\/1347"}],"wp:attachment":[{"href":"https:\/\/www.monfalcone.info\/index.php\/wp-json\/wp\/v2\/media?parent=1334"}],"wp:term":[{"taxonomy":"category","embeddable":true,"href":"https:\/\/www.monfalcone.info\/index.php\/wp-json\/wp\/v2\/categories?post=1334"},{"taxonomy":"post_tag","embeddable":true,"href":"https:\/\/www.monfalcone.info\/index.php\/wp-json\/wp\/v2\/tags?post=1334"}],"curies":[{"name":"wp","href":"https:\/\/api.w.org\/{rel}","templated":true}]}}