{"id":1396,"date":"2019-10-14T15:36:31","date_gmt":"2019-10-14T13:36:31","guid":{"rendered":"http:\/\/www.monfalcone.info\/?p=1396"},"modified":"2019-10-18T12:37:35","modified_gmt":"2019-10-18T10:37:35","slug":"festa-del-bosco-monfalcone-25-27-ottobre-2019","status":"publish","type":"post","link":"https:\/\/www.monfalcone.info\/index.php\/festa-del-bosco-monfalcone-25-27-ottobre-2019\/","title":{"rendered":"Festa del Bosco, Monfalcone, 25-27 ottobre 2019"},"content":{"rendered":"<p><a href=\"http:\/\/www.monfalcone.info\/wp-content\/uploads\/2019\/10\/volantino.jpg\"><img loading=\"lazy\" class=\"alignnone size-medium wp-image-1397\" src=\"http:\/\/www.monfalcone.info\/wp-content\/uploads\/2019\/10\/volantino-212x300.jpg\" alt=\"\" width=\"212\" height=\"300\" srcset=\"https:\/\/www.monfalcone.info\/wp-content\/uploads\/2019\/10\/volantino-212x300.jpg 212w, https:\/\/www.monfalcone.info\/wp-content\/uploads\/2019\/10\/volantino-768x1086.jpg 768w, https:\/\/www.monfalcone.info\/wp-content\/uploads\/2019\/10\/volantino-724x1024.jpg 724w, https:\/\/www.monfalcone.info\/wp-content\/uploads\/2019\/10\/volantino.jpg 1240w\" sizes=\"(max-width: 212px) 100vw, 212px\" \/><\/a><\/p>\n<p><a href=\"http:\/\/www.monfalcone.info\/wp-content\/uploads\/2019\/10\/Volantino-programma.jpg\"><img loading=\"lazy\" class=\"alignnone size-medium wp-image-1400\" src=\"http:\/\/www.monfalcone.info\/wp-content\/uploads\/2019\/10\/Volantino-programma-212x300.jpg\" alt=\"\" width=\"212\" height=\"300\" srcset=\"https:\/\/www.monfalcone.info\/wp-content\/uploads\/2019\/10\/Volantino-programma-212x300.jpg 212w, https:\/\/www.monfalcone.info\/wp-content\/uploads\/2019\/10\/Volantino-programma-768x1086.jpg 768w, https:\/\/www.monfalcone.info\/wp-content\/uploads\/2019\/10\/Volantino-programma-724x1024.jpg 724w, https:\/\/www.monfalcone.info\/wp-content\/uploads\/2019\/10\/Volantino-programma.jpg 1240w\" sizes=\"(max-width: 212px) 100vw, 212px\" \/><\/a><\/p>\n<p>&nbsp;<\/p>\n<p><a href=\"http:\/\/www.monfalcone.info\/wp-content\/uploads\/2019\/10\/Volantino-programma.pdf\">Volantino programma<\/a><\/p>\n<p>&nbsp;<\/p>\n<p>GARA DI DOLCI!<\/p>\n<p><a href=\"http:\/\/www.monfalcone.info\/wp-content\/uploads\/2019\/10\/dolci-regolamento.pdf\">dolci regolamento<\/a><\/p>\n<p><a href=\"http:\/\/www.monfalcone.info\/wp-content\/uploads\/2019\/10\/dolci-regolamento-001.jpg\"><img loading=\"lazy\" class=\"alignnone size-medium wp-image-1404\" src=\"http:\/\/www.monfalcone.info\/wp-content\/uploads\/2019\/10\/dolci-regolamento-001-212x300.jpg\" alt=\"\" width=\"212\" height=\"300\" srcset=\"https:\/\/www.monfalcone.info\/wp-content\/uploads\/2019\/10\/dolci-regolamento-001-212x300.jpg 212w, https:\/\/www.monfalcone.info\/wp-content\/uploads\/2019\/10\/dolci-regolamento-001-768x1086.jpg 768w, https:\/\/www.monfalcone.info\/wp-content\/uploads\/2019\/10\/dolci-regolamento-001-724x1024.jpg 724w, https:\/\/www.monfalcone.info\/wp-content\/uploads\/2019\/10\/dolci-regolamento-001.jpg 1240w\" sizes=\"(max-width: 212px) 100vw, 212px\" \/>\u00a0\u00a0\u00a0\u00a0\u00a0\u00a0\u00a0\u00a0\u00a0\u00a0\u00a0\u00a0\u00a0<\/a> <a href=\"http:\/\/www.monfalcone.info\/wp-content\/uploads\/2019\/10\/dolci-regolamento-002.jpg\"><img loading=\"lazy\" class=\"alignnone size-medium wp-image-1405\" src=\"http:\/\/www.monfalcone.info\/wp-content\/uploads\/2019\/10\/dolci-regolamento-002-212x300.jpg\" alt=\"\" width=\"212\" height=\"300\" srcset=\"https:\/\/www.monfalcone.info\/wp-content\/uploads\/2019\/10\/dolci-regolamento-002-212x300.jpg 212w, https:\/\/www.monfalcone.info\/wp-content\/uploads\/2019\/10\/dolci-regolamento-002-768x1086.jpg 768w, https:\/\/www.monfalcone.info\/wp-content\/uploads\/2019\/10\/dolci-regolamento-002-724x1024.jpg 724w, https:\/\/www.monfalcone.info\/wp-content\/uploads\/2019\/10\/dolci-regolamento-002.jpg 1240w\" sizes=\"(max-width: 212px) 100vw, 212px\" \/><\/a><\/p>\n<p>&nbsp;<\/p>\n<p><strong><u>FESTA DEL BOSCO,\u00a0<\/u><\/strong><strong>10a\u00b0 edizione<\/strong><\/p>\n<p><strong>Piazza della Repubblica, Monfalcone<\/strong><\/p>\n<p><strong>PROGRAMMA<\/strong><\/p>\n<p><strong><u>Gioved\u00ec 24 ottobre<\/u><\/strong><\/p>\n<p>Ore 20.00\u00a0\u00a0\u00a0\u00a0\u00a0\u00a0\u00a0 L\u2019Associazione Ambientalista &#8220;Eugenio Rosmann&#8221; presenta<\/p>\n<p>presso la sala al piano rialzato degli Speleo Amici del Fante in Viale San Marco n. 9<\/p>\n<p>Il nuovo libro di\u00a0<a href=\"https:\/\/www.facebook.com\/daniele.zovi?__tn__=K-R&amp;eid=ARClR737c1ioboV2CY3Os7BaP9S3Ak6PZro0XwPOTjHa9RY_4Tqitjlm0MWvkxfQSK7fr1n4KjBZ092_&amp;fref=mentions&amp;__xts__%5B0%5D=68.ARA3RHamfSG6Y0nxr5rf-zIiB4ydiUsVeRU-or9K3B3BeIpYlQIkWS6bt3ipAzoUM2pBeNqG8sAVRfQh5_J-NpO_gEEO86VSTr5ZPjSc_-dTbHfzjFUb7g_UwnaU8UfhH2VlAdGdyh8wXAl4NE-9FTw8tj1GbA6KMry8biTZbXYNt-F4ewrsbKWUT8zzOjueKc811H6k_hXUpSbqJQWALxRj6prKwCZ5ZhNZs8wropn3syghpvTiNNS8deAxtyZyrrn5kDddbEbhoATaV88El2JOh4nvWYcKy3HO1CEmtWEc0XlGLwfxVYda4WKIkaiYsdF2Kzfn2FbdTTNhCtJuWKoU7g3C\">Daniele Zovi<\/a>\u00a0\u201c<strong>ITALIA SELVATICA: storie di orsi, lupi, gatti selvatici, cinghiali, lontre, sciacalli dorati, linci e un castoro<\/strong>\u201d.<\/p>\n<p>Parteciper\u00e0 anche\u00a0<a href=\"https:\/\/www.facebook.com\/lucio.natura?__tn__=K-R&amp;eid=ARBLSR3tnXdlaVuZvUdT_9NVqXIlzRu3A5kiboG0S50NYuI7WhbGY8ZsNlVzMfZBkhKwekqOPDojtXb9&amp;fref=mentions&amp;__xts__%5B0%5D=68.ARA3RHamfSG6Y0nxr5rf-zIiB4ydiUsVeRU-or9K3B3BeIpYlQIkWS6bt3ipAzoUM2pBeNqG8sAVRfQh5_J-NpO_gEEO86VSTr5ZPjSc_-dTbHfzjFUb7g_UwnaU8UfhH2VlAdGdyh8wXAl4NE-9FTw8tj1GbA6KMry8biTZbXYNt-F4ewrsbKWUT8zzOjueKc811H6k_hXUpSbqJQWALxRj6prKwCZ5ZhNZs8wropn3syghpvTiNNS8deAxtyZyrrn5kDddbEbhoATaV88El2JOh4nvWYcKy3HO1CEmtWEc0XlGLwfxVYda4WKIkaiYsdF2Kzfn2FbdTTNhCtJuWKoU7g3C\">Lucio<\/a>\u00a0Tolar fotografo naturalista ed autore di alcune foto della pubblicazione.<br \/>\nModera l\u2019incontro il prof. Alfredo Altobelli.<\/p>\n<p>A seguire: <strong>PRESENTAZIONE<\/strong> della 10a edizione della <strong>FESTA DEL BOSCO<\/strong><\/p>\n<p>&nbsp;<\/p>\n<p><strong><u>Venerd\u00ec 25 ottobre<\/u><\/strong><\/p>\n<p>Ore 15.00\u00a0\u00a0\u00a0\u00a0\u00a0\u00a0\u00a0 Inaugurazione e apertura manifestazione.<\/p>\n<p><strong>&#8211; Apertura stand espositori enogastronomici; <\/strong><\/p>\n<p><strong>\u00a0\u00a0\u00a0\u00a0\u00a0\u00a0\u00a0\u00a0\u00a0\u00a0\u00a0\u00a0\u00a0\u00a0\u00a0\u00a0\u00a0\u00a0\u00a0\u00a0\u00a0\u00a0\u00a0 &#8211; Castagnata, ribolla e brul\u00e8 con la Pro Loco;<\/strong><\/p>\n<p><strong>\u00a0\u00a0\u00a0\u00a0\u00a0\u00a0\u00a0\u00a0\u00a0\u00a0\u00a0\u00a0\u00a0\u00a0\u00a0\u00a0\u00a0\u00a0\u00a0\u00a0\u00a0\u00a0\u00a0 &#8211; Fattoria didattica con animali;<\/strong><\/p>\n<p><strong>\u00a0 \u00a0 \u00a0 \u00a0 \u00a0 \u00a0 \u00a0 \u00a0 \u00a0 \u00a0 \u00a0 \u00a0 &#8211; Dimostrazione scultura in legno da un tronco di Davide Tramontini;<\/strong><\/p>\n<p><strong>\u00a0\u00a0\u00a0\u00a0\u00a0\u00a0\u00a0\u00a0\u00a0\u00a0\u00a0\u00a0\u00a0\u00a0\u00a0\u00a0\u00a0\u00a0\u00a0\u00a0\u00a0\u00a0\u00a0 &#8211; Mostra di cicli d\u2019epoca costruiti in legno.<\/strong><\/p>\n<p>Ore 17.00<strong>\u00a0\u00a0\u00a0\u00a0\u00a0\u00a0\u00a0 Conferenza<\/strong> <strong>\u201cPascolo nella landa del Carso Isontino\u201d<\/strong><\/p>\n<p><em>In collaborazione con l\u2019Associazione Ambientalista &#8220;Eugenio Rosmann&#8221; <\/em><\/p>\n<p>Il Prof. Alfredo Altobelli dell&#8217;Universit\u00e0 di Trieste commenter\u00e0 i dati emersi nel recente sondaggio con la popolazione e condotto nell&#8217;ambito di una tesi di laurea in collaborazione con il Centro visite Lago di Pietrarossa, dialogando con l&#8217;arch. Paola Barban, sostenitrice dell&#8217;iniziativa.<\/p>\n<p>Moderatore: il Presidente della Pro Loco di Monfalcone Franco Miglia.<\/p>\n<p>Ore 18.00\u00a0\u00a0\u00a0\u00a0\u00a0\u00a0\u00a0 Concerto con la <strong>Banda Civica Citt\u00e0 di Monfalcone<\/strong><\/p>\n<p>Ore 23.00\u00a0\u00a0\u00a0\u00a0\u00a0\u00a0\u00a0 Chiusura manifestazione<\/p>\n<p>&nbsp;<\/p>\n<p><strong><u>Sabato 26 ottobre<\/u><\/strong><\/p>\n<p>Ore 9.30\u00a0\u00a0\u00a0\u00a0\u00a0\u00a0\u00a0\u00a0\u00a0 presso la sala del\u00a0<a href=\"https:\/\/www.facebook.com\/centrovisitepietrarossa\/?__xts__%5B0%5D=68.ARDMWumyFOGwQlCSybPJ0dhg6u0Xgbxkp1-DcfzPRyaMBcQQppCsGW3Ebg-jOZQqcCf12g_wVUBcUYduEmXdAswLlKYE31Rn3TbZuH_M173bBrndR1lcXFC114X-VEwoJ0HbrE2Zi5CvmgCj-In1vX3k1ILudspnJzIatz6Y5w01diNJaDcuv_2nV84uWNELHo_bcLMI6IBu1OaOua9IGGn9sXYg3uZHW7bIEGy_qwHYIAhhPIzPw0bfeNcOXSof74D3nklohazFNdaFWaZ6N-BJC70DY2ThGfs-6S2gj9JGZVoICR9qlEz4e2_cU48JJqXb4xOwcendsLEcISUMhyzg7PG9&amp;__xts__%5B1%5D=68.ARAFZlWSfqtKWp7f0HKJ74fZMBjM6-JI-USrcd6-R6uxRRK8WfdU0oEkHZPWvFTpBKx0wTwn2_jOWCSWwmpEGpjDwxK4LeskZWFPyu18VTeCC8acifjoq7aEzijfyedegIP241eaDs6pPg3AmJJVyeTC4WmrFH71DEy5gJMK7csg4B7mtqnbCqVs__tS9i29q4eP1N7yjFBtD5TwbFGp8-_l3iaH7d-nNIIrjDWtlMHrFW2z2t__mjewHa3u0-oZNIM7W4l8_5YuOLAyJpLP7IzGC2esjL5LSVNE-tiPbBfazUsueRp_D82gLyrwXBjHNoM9gXLYNb2dBAQGaf4oGhWR7NzH&amp;__tn__=K-R&amp;eid=ARD61OxDjUFGTudXdpi2Tyalkvtqx4fXiFrioCUnsePU710WNY57aPY3PkziABNBRWMOZgJWV0POFOyE&amp;fref=mentions\">Centro Visite Lago di Pietrarossa<\/a><\/p>\n<p>Presentazione \u201cCorso promozionale di acquarello naturalistico\u201d con l\u2019insegnante\u00a0<a href=\"https:\/\/www.facebook.com\/elena.perco.9?__tn__=K-R&amp;eid=ARCAgLeQ97fv76IpaKivYpYaKGvi_AL5wwoaN3I9EYC-v9InY2-b-ku6VpFGUn9in-RhwdhJ4N19TAoN&amp;fref=mentions&amp;__xts__%5B0%5D=68.ARAFZlWSfqtKWp7f0HKJ74fZMBjM6-JI-USrcd6-R6uxRRK8WfdU0oEkHZPWvFTpBKx0wTwn2_jOWCSWwmpEGpjDwxK4LeskZWFPyu18VTeCC8acifjoq7aEzijfyedegIP241eaDs6pPg3AmJJVyeTC4WmrFH71DEy5gJMK7csg4B7mtqnbCqVs__tS9i29q4eP1N7yjFBtD5TwbFGp8-_l3iaH7d-nNIIrjDWtlMHrFW2z2t__mjewHa3u0-oZNIM7W4l8_5YuOLAyJpLP7IzGC2esjL5LSVNE-tiPbBfazUsueRp_D82gLyrwXBjHNoM9gXLYNb2dBAQGaf4oGhWR7NzH\">Elena Perco<\/a>,\u00a0con una piccola dimostrazione.<br \/>\n<em>A cura dell\u2019Associazione Ambientalista &#8220;Eugenio Rosmann&#8221;\u00a0e il Centro Visite Lago di Pietrarossa.<\/em><\/p>\n<p>Ore 10.00\u00a0\u00a0\u00a0\u00a0\u00a0\u00a0\u00a0 <strong>&#8211; Apertura stand espositori enogastronomici; <\/strong><\/p>\n<p><strong>\u00a0\u00a0\u00a0\u00a0\u00a0\u00a0\u00a0\u00a0\u00a0\u00a0\u00a0\u00a0\u00a0\u00a0\u00a0\u00a0\u00a0\u00a0\u00a0\u00a0\u00a0\u00a0\u00a0 &#8211; Castagnata, ribolla e brul\u00e8 con la Pro Loco;<\/strong><\/p>\n<p><strong>\u00a0\u00a0\u00a0\u00a0\u00a0\u00a0\u00a0\u00a0\u00a0\u00a0\u00a0\u00a0\u00a0\u00a0\u00a0\u00a0\u00a0\u00a0\u00a0\u00a0\u00a0\u00a0\u00a0 &#8211; Fattoria didattica con animali;<\/strong><\/p>\n<p><strong>\u00a0 \u00a0 \u00a0 \u00a0 \u00a0 \u00a0 \u00a0 \u00a0 \u00a0 \u00a0 \u00a0 \u00a0 &#8211; Dimostrazione scultura in legno da un tronco di Davide Tramontini;<\/strong><\/p>\n<p><strong>\u00a0\u00a0\u00a0\u00a0\u00a0\u00a0\u00a0\u00a0\u00a0\u00a0\u00a0\u00a0\u00a0\u00a0\u00a0\u00a0\u00a0\u00a0\u00a0\u00a0\u00a0\u00a0\u00a0 &#8211; Mostra di cicli d\u2019epoca costruiti in legno;<\/strong><\/p>\n<p><strong>\u00a0 \u00a0 \u00a0 \u00a0 \u00a0 \u00a0 \u00a0 \u00a0 \u00a0 \u00a0 \u00a0 \u00a0 &#8211; Mostra di Bonsai.<\/strong><\/p>\n<p>&nbsp;<\/p>\n<p>Tutto il giorno, inoltre:<\/p>\n<p><strong>Mostra Associazioni e Enti a tutela del Territorio<\/strong>: esposizione di mezzi e strumentazioni di Forestale, Protezione Civile, Gruppo Speleologi, ecc.<\/p>\n<p><strong>A DORSO DI PONY\u00a0<\/strong>Giri in sella e animazione con i pony e gli artisti del <em>Fabietto fans club\u00a0<\/em><\/p>\n<p>Ore 10.30\u00a0\u00a0\u00a0\u00a0\u00a0\u00a0\u00a0 Partenza <strong>camminata Nordic Walking <\/strong><\/p>\n<p><strong>&#8220;<\/strong><strong>Camminata sul Carso dei castellieri monfalconesi&#8221;<\/strong><\/p>\n<p><em>in collaborazione con Turismo Attivo FVG<\/em><\/p>\n<p>Percorso ad anello di circa 5,5 km con partenza e arrivo in Piazza della Repubblica a Monfalcone. Il percorso si snoder\u00e0 alle pendici meridionali dei colli delle Forcate e della Gradiscata costeggiando la linea ferroviaria sino all&#8217;altezza della vasca di oscillazione dell&#8217;Acquedotto Triestino. Quindi proseguir\u00e0 a settentrione degli stessi colli, gi\u00e0 sede di castellieri dell&#8217;et\u00e0 del bronzo, raggiungendo la Rocca dove, possibilmente, vi sar\u00e0 una sosta al suo interno con visita al piccolo museo e illustrazione del territorio dai suoi spalti. Si proseguir\u00e0 in direzione della Q.98, punto strategico nel corso della Grande Guerra per poi superare la trincea Siracusa e scendere per il Valloncello degli Aceri, lungo un interessante sentiero nella boscaglia carsica, ricco di opere belliche del primo conflitto. Raggiunto il sentiero C.A.I. n.83 \u201cSpangar\u201d si incrocer\u00e0 la parte bassa della Trincea Joffre e quindi, oltrepassata la ferrovia, percorrendo dapprima Salita Mocenigo, poi via Serenissima, si scender\u00e0 in Piazza della Repubblica dalla Salita Granatieri.<\/p>\n<p>Percorribilit\u00e0: camminatori con e senza bastoncini da nordic walking.<\/p>\n<p>Tempo di percorrenza: circa 90&#8242; esclusa la sosta alla Rocca.<\/p>\n<p>Ore 11.00\u00a0\u00a0\u00a0\u00a0\u00a0\u00a0\u00a0 Presentazione \u201cpesce raccogli tappi di sughero\u201d<\/p>\n<p><em>A cura del Comune di Monfalcone, Assessorato Ambiente<\/em><\/p>\n<p>Ore 15.00\u00a0\u00a0\u00a0\u00a0\u00a0\u00a0\u00a0 <strong>Seminario sui funghi del Carso<\/strong><\/p>\n<p><strong>\u00a0\u00a0\u00a0\u00a0\u00a0\u00a0\u00a0\u00a0\u00a0\u00a0\u00a0\u00a0\u00a0\u00a0\u00a0\u00a0\u00a0\u00a0\u00a0\u00a0\u00a0\u00a0\u00a0 Relatore: il maestro Andrea Kenda<\/strong><\/p>\n<p><strong>\u00a0\u00a0\u00a0\u00a0\u00a0\u00a0\u00a0\u00a0\u00a0\u00a0\u00a0\u00a0\u00a0\u00a0\u00a0\u00a0\u00a0\u00a0\u00a0\u00a0\u00a0\u00a0\u00a0 <\/strong><em>A cura del Gruppo Micologico di Ronchi dei Legionari<\/em><\/p>\n<p>Ore 16.00\u00a0\u00a0\u00a0\u00a0\u00a0\u00a0\u00a0 <strong>Showcooking del bosco<\/strong><\/p>\n<p><em>\u00a0\u00a0\u00a0\u00a0\u00a0\u00a0\u00a0\u00a0\u00a0\u00a0\u00a0\u00a0\u00a0\u00a0\u00a0\u00a0\u00a0\u00a0\u00a0\u00a0\u00a0\u00a0\u00a0\u00a0\u00a0\u00a0\u00a0\u00a0\u00a0\u00a0\u00a0\u00a0\u00a0\u00a0 A cura della lady chef Preeti della Ricca con la collaborazione della Presidente Regionale Unione Cuochi Udine Marinella Ferigo<\/em><\/p>\n<p>Ore 17.00\u00a0\u00a0\u00a0\u00a0\u00a0\u00a0\u00a0 \u201c<strong>Il Casaro in Piazza<\/strong>\u201d: spiegazione e realizzazione sul posto di una forma di Montasio <em>a cura di un maestro casaro<\/em>.<\/p>\n<p>\u201c<strong>I Polentars in Piazza<\/strong>\u201d: realizzazione e degustazione della tipica polenta friulana cotta su fuoco a legna in paiolo di rame.<\/p>\n<p>Ore 18.30\u00a0\u00a0\u00a0\u00a0\u00a0\u00a0\u00a0 <strong>Concerto<\/strong> e festa con la banda itinerante \u201c<strong>Quella mezza sporca dozzina<\/strong>\u201d<\/p>\n<p>Ore 23.00\u00a0\u00a0\u00a0\u00a0\u00a0\u00a0\u00a0 Chiusura manifestazione<\/p>\n<p>&nbsp;<\/p>\n<p><strong><u>Domenica 27 ottobre<\/u><\/strong><\/p>\n<p>Ore 9.00\u00a0\u00a0\u00a0\u00a0\u00a0\u00a0\u00a0\u00a0\u00a0 escursione \u201c<strong>Nei boschi dell\u2019Isonzo<\/strong>\u201d<\/p>\n<p>ritrovo, davanti al Municipio per recarci con mezzi propri alle ore 9:30 al luogo di ritrovo presso il ponte dell\u2019Isonzo all\u2019altezza del parcheggio buffet Isonzo a Pieris.<\/p>\n<p>S\u00ec consigliano scarpe e abbigliamento sportivo ed un binocolo.<\/p>\n<p>Numero chiuso max.50 persone, \u00e8 richiesta la prenotazione via email all\u2019indirizzo: ambientalistimonfalcone@gmail.com o al 3356660843.<\/p>\n<p><em>\u00a0A cura dell\u2019Associazione Ambientalista &#8220;Eugenio Rosmann\u201d<\/em><\/p>\n<p>All\u2019arrivo in Piazza, previsto per le 13.00 circa, la Pro Loco aspetta tutti i partecipanti con una spaghettata.<\/p>\n<p>Ore 10.00\u00a0\u00a0\u00a0\u00a0\u00a0\u00a0\u00a0 <strong>&#8211; Apertura stand espositori enogastronomici; <\/strong><\/p>\n<p><strong>\u00a0\u00a0\u00a0\u00a0\u00a0\u00a0\u00a0\u00a0\u00a0\u00a0\u00a0\u00a0\u00a0\u00a0\u00a0\u00a0\u00a0\u00a0\u00a0\u00a0\u00a0\u00a0\u00a0 &#8211; Castagnata, ribolla e brul\u00e8 con la Pro Loco;<\/strong><\/p>\n<p><strong>\u00a0\u00a0\u00a0\u00a0\u00a0\u00a0\u00a0\u00a0\u00a0\u00a0\u00a0\u00a0\u00a0\u00a0\u00a0\u00a0\u00a0\u00a0\u00a0\u00a0\u00a0\u00a0\u00a0 &#8211; Fattoria didattica con animali;<\/strong><\/p>\n<p><strong>\u00a0 \u00a0 \u00a0 \u00a0 \u00a0 \u00a0 \u00a0 \u00a0 \u00a0 \u00a0 \u00a0 \u00a0 &#8211; Dimostrazione scultura in legno da un tronco di Davide Tramontini;<\/strong><\/p>\n<p><strong>\u00a0\u00a0\u00a0\u00a0\u00a0\u00a0\u00a0\u00a0\u00a0\u00a0\u00a0\u00a0\u00a0\u00a0\u00a0\u00a0\u00a0\u00a0\u00a0\u00a0\u00a0\u00a0\u00a0 &#8211; Mostra di cicli d\u2019epoca costruiti in legno.<\/strong><\/p>\n<p><strong>\u00a0\u00a0\u00a0\u00a0\u00a0\u00a0\u00a0\u00a0\u00a0\u00a0\u00a0\u00a0\u00a0\u00a0\u00a0\u00a0\u00a0\u00a0\u00a0\u00a0\u00a0\u00a0\u00a0 MERCATINO DELL\u2019ARTIGIANATO A TEMA<\/strong><\/p>\n<p>Ore 10.30\u00a0\u00a0\u00a0\u00a0\u00a0\u00a0\u00a0 Partenza, da Piazza della Repubblica, della<\/p>\n<p>\u201c<strong>BICICLETTATA NATURALISTICA SUL CARSO MONFALCONESE\u201d<\/strong><\/p>\n<p>escursione turistica in bicicletta mountain bike, non competitiva, accompagnata da un esperto ciclista che far\u00e0 anche da guida ai partecipanti. Lunghezza del percorso: circa 14 km. Andatura: turistica e moderata, esclusivamente sui sentieri esistenti.<\/p>\n<p>All\u2019arrivo in Piazza, previsto per le 13.00 circa, la Pro Loco aspetta tutti i partecipanti con una spaghettata.<\/p>\n<p>Ore 10.30<strong>\u00a0\u00a0\u00a0\u00a0\u00a0\u00a0\u00a0 <\/strong><em>Ecomuseo dei Territori presenta<\/em><\/p>\n<p><strong>Progetti di valorizzazione della filiera del legno a seguito della tempesta Vaia<\/strong><\/p>\n<p><em>Modera il giornalista Adriano del Fabbro<\/em><\/p>\n<p><em>Con la presenza del Sindaco di Forni Avoltri<\/em><\/p>\n<p>Dalle 14.00\u00a0\u00a0\u00a0\u00a0\u00a0 6a <strong>GARA DOLCI<\/strong> della Festa del Bosco<\/p>\n<p>Inizio ritiro dei dolci in gara, fino alle ore 17.15<\/p>\n<p>Regolamento completo sulla pagina FaceBook \u201cPro Loco Monfalcone\u201d e sull\u2019evento dedicato \u201cFesta del Bosco\u201d<\/p>\n<p>Ore 16.00\u00a0\u00a0\u00a0\u00a0\u00a0\u00a0\u00a0 <strong>Seminario sui funghi del Carso<\/strong><\/p>\n<p><strong>\u00a0\u00a0\u00a0\u00a0\u00a0\u00a0\u00a0\u00a0\u00a0\u00a0\u00a0\u00a0\u00a0\u00a0\u00a0\u00a0\u00a0\u00a0\u00a0\u00a0\u00a0\u00a0\u00a0 Relatore: il maestro Andrea Kenda<\/strong><\/p>\n<p><strong>\u00a0\u00a0\u00a0\u00a0\u00a0\u00a0\u00a0\u00a0\u00a0\u00a0\u00a0\u00a0\u00a0\u00a0\u00a0\u00a0\u00a0\u00a0\u00a0\u00a0\u00a0\u00a0\u00a0 <\/strong><em>A cura del Gruppo Micologico di Ronchi dei Legionari<\/em><\/p>\n<p>Ore 17.30\u00a0\u00a0\u00a0\u00a0\u00a0\u00a0\u00a0 6a <strong>GARA DOLCI<\/strong> e premiazioni<\/p>\n<p>Ore 23.00\u00a0\u00a0\u00a0\u00a0\u00a0\u00a0\u00a0 Chiusura manifestazione<\/p>\n<p>&nbsp;<\/p>\n<p><a href=\"http:\/\/www.monfalcone.info\/wp-content\/uploads\/2019\/10\/volantino.pdf\">volantino<\/a><\/p>\n","protected":false},"excerpt":{"rendered":"<p>&nbsp; Volantino programma &nbsp; GARA DI DOLCI! dolci regolamento \u00a0\u00a0\u00a0\u00a0\u00a0\u00a0\u00a0\u00a0\u00a0\u00a0\u00a0\u00a0\u00a0 &nbsp; FESTA DEL BOSCO,\u00a010a\u00b0 edizione Piazza della Repubblica, Monfalcone PROGRAMMA [&hellip;]<\/p>\n","protected":false},"author":2,"featured_media":0,"comment_status":"closed","ping_status":"closed","sticky":false,"template":"","format":"standard","meta":[],"categories":[5],"tags":[],"_links":{"self":[{"href":"https:\/\/www.monfalcone.info\/index.php\/wp-json\/wp\/v2\/posts\/1396"}],"collection":[{"href":"https:\/\/www.monfalcone.info\/index.php\/wp-json\/wp\/v2\/posts"}],"about":[{"href":"https:\/\/www.monfalcone.info\/index.php\/wp-json\/wp\/v2\/types\/post"}],"author":[{"embeddable":true,"href":"https:\/\/www.monfalcone.info\/index.php\/wp-json\/wp\/v2\/users\/2"}],"replies":[{"embeddable":true,"href":"https:\/\/www.monfalcone.info\/index.php\/wp-json\/wp\/v2\/comments?post=1396"}],"version-history":[{"count":3,"href":"https:\/\/www.monfalcone.info\/index.php\/wp-json\/wp\/v2\/posts\/1396\/revisions"}],"predecessor-version":[{"id":1406,"href":"https:\/\/www.monfalcone.info\/index.php\/wp-json\/wp\/v2\/posts\/1396\/revisions\/1406"}],"wp:attachment":[{"href":"https:\/\/www.monfalcone.info\/index.php\/wp-json\/wp\/v2\/media?parent=1396"}],"wp:term":[{"taxonomy":"category","embeddable":true,"href":"https:\/\/www.monfalcone.info\/index.php\/wp-json\/wp\/v2\/categories?post=1396"},{"taxonomy":"post_tag","embeddable":true,"href":"https:\/\/www.monfalcone.info\/index.php\/wp-json\/wp\/v2\/tags?post=1396"}],"curies":[{"name":"wp","href":"https:\/\/api.w.org\/{rel}","templated":true}]}}