{"id":1977,"date":"2025-02-21T16:07:02","date_gmt":"2025-02-21T15:07:02","guid":{"rendered":"https:\/\/www.monfalcone.info\/?p=1977"},"modified":"2025-02-26T12:17:48","modified_gmt":"2025-02-26T11:17:48","slug":"141-carnevale-monfalconese-il-programma","status":"publish","type":"post","link":"https:\/\/www.monfalcone.info\/index.php\/141-carnevale-monfalconese-il-programma\/","title":{"rendered":"141\u00b0 Carnevale Monfalconese &#8211; Il Programma"},"content":{"rendered":"<p>Ecco il programma del 141\u00b0 Carnevale Monfalconese:<\/p>\n<p><u>Da Venerd\u00ec 7 febbraio a domenica 9 Marzo 2025<\/u> Presso i Ristoranti del Mandamento Monfalconese<\/p>\n<p><strong>39\u00b0 MAGNEMO FORA DE CASA\u00ae <\/strong><\/p>\n<p><em>Proposte del Piatto di Carnevale a prezzo fisso in collaborazione con i locali raccomandati dalla Pro Loco. Verr\u00e0 consegnato l\u2019amb\u00ecto premio \u2018Il Piatto del Carnevale\u2019.<\/em><\/p>\n<p><em>L\u2019iniziativa gastronomica isontina che dal 1988 vanta innumerevoli tentativi di imitazione. <\/em><\/p>\n<p><em>(tutti i men\u00f9 sul sito ufficiale della Pro Loco Monfalcone <a href=\"http:\/\/www.monfalcone.info\/\">www.monfalcone.info<\/a> e sulla pagina facebook Pro Loco Monfalcone)<\/em><\/p>\n<p><u>Gioved\u00ec 20 febbraio<\/u>, ore 11.00 Sala del Consiglio del Comune di Monfalcone, Piazza della Repubblica<\/p>\n<p><strong>CONFERENZA STAMPA<\/strong><\/p>\n<p>Per la presentazione del 141\u00b0 <em>Carnevale Monfalconese<\/em>\u00ae<\/p>\n<p>e presentazione del 70\u00b0 numero de <em>La Cantada\u00ae<\/em><\/p>\n<p><u>Da sabato 22 febbraio<\/u> nelle edicole del Mandamento Monfalconese<\/p>\n<p><strong>LA CANTADA\u00ae <\/strong><\/p>\n<p><em>Uscita nelle edicole della 70a edizione dell\u2019imperdibile numero unico umoristico-satirico in dialetto bisi\u00e0c sui personaggi e i fatti della Bisiacar\u00eca.<\/em><\/p>\n<p><strong>da Gioved\u00ec a Marted\u00ec Grasso in Piazza della Repubblica<\/strong><strong>\u00a0<\/strong><strong>Stand enogastronomici, frittelle, dolciumi e giostra per i bambini<\/strong><strong>\u00a0<\/strong><em>in caso di maltempo le sole animazioni pomeridiane dedicate ai bambini<\/em><em>si terranno al vicino Oratorio San Michele (Via Mazzini 5 \u2013 Monfalcone)<\/em><strong><u>\u00a0<\/u><\/strong><\/p>\n<p><u>Gioved\u00ec 27 febbraio<\/u>\u00a0dalle ore 10.00 alle ore 12.00 <strong>CAMINADA MASCHERADA<\/strong>I bambini delle scuole dell\u2019infanzia e Primarie di Monfalcone, in maschera, raggiungeranno a piedi la Piazza, dove saranno accolti da musica, dolcetti, animazione e la <strong>CANTADINA DEI PUTEI<\/strong>, diretta dal maestro Franco Ongaro.<\/p>\n<p>dalle ore 10.00 alle ore 12.00 e dalle ore 14.00 alle ore 16.00 Intrattenimento e animazione per bambini: baby dance, balli di gruppo, truccabimbi con <strong>ERNESTO ANIMAZIONE<\/strong>\u00a0ore 15.00 in punto <strong>CANNONADA DE CORIANDOLI<\/strong><\/p>\n<p>ore 16.00 <strong>Saluto del Sindaco ai cittadini <\/strong>e cerimonia di <strong>consegna delle \u201cChiavi della Citt\u00e0\u201d<\/strong> alla Pro Loco.<\/p>\n<p>dalle ore 16.00 alle ore 18.00 <strong>Apertura ufficiale<\/strong> del Carnevale Monfalconese<\/p>\n<p>festa e animazione per le vie del centro cittadino con la<strong> SHOWBAND VECIA TRIESTE<\/strong><\/p>\n<p><u>Venerd\u00ec 28 febbraio<\/u><\/p>\n<p>dalle ore 14.30 alle ore 17.30<\/p>\n<p><strong>CARNEVAL DEI PUTEI <\/strong>Intrattenimento e animazione per bambini con l\u2019associazione Arcobaleno di <strong>MELY ANIMAZIONE<\/strong><\/p>\n<p>Spettacolo di bolle di sapone, baby dance, spettacolo bandiere di veli, sfilata delle mascherine e caramelle per tutti.<\/p>\n<p>Dalle ore 15.00 alle ore 16.00<\/p>\n<p>3\u00b0 edizione <strong>BICI IN MASCHERA<\/strong>: addobba e maschera la tua bici e vieni in Piazza.<\/p>\n<p>Sfilata sotto al palco e premiazioni.<\/p>\n<p>Iscrizione gratuita per tutte le et\u00e0. Premio categoria Senior e Junior.<\/p>\n<p><u>Sabato 1\u00b0 marzo<\/u><\/p>\n<p>dalle ore 14.00 alle ore 17.30 <strong>CARNEVAL DEI PUTEI <\/strong>Intrattenimento e animazione con <strong>GAIA EVENTI<\/strong><\/p>\n<p>Sketch di cabaret, giochi di gruppo, balli, musica, sculture di palloncinie la <strong>CAVALCHINA DEI PUTEI <\/strong>con sfilata e premiazioni delle mascherine\u00a0ore 15.00 in punto <strong>CANNONADA DE CORIANDOLI <\/strong><strong>\u00a0<\/strong>dalle ore 15.00 alle ore 19.00festa e animazione per le vie del centro cittadino con le canzoni tradizionali e anni 70\/80 dei musicisti della STREET BRASS BAND <strong>I BANDAROS<\/strong><\/p>\n<p><u>Domenica 2 marzo<\/u><\/p>\n<p>dalle ore 10.30 <strong>CAN-nevale IN PIAZZA<\/strong> Sfilata carnevalesca a 4 zampe e un codino e premi per tutti.<\/p>\n<p>dalle ore 14.30 alle ore 17.30 <strong>CARNEVAL DEI PUTEI <\/strong>Intrattenimento e animazione per bambini con la <strong>BOTTEGA DEI SOGNI<\/strong><\/p>\n<p>20 postazioni di giochi di legno\/ingegno e gonfiabili, trampoliere, laboratorio creativo.<\/p>\n<p>ore 15.00 in punto <strong>CANNONADA DE CORIANDOLI<\/strong><\/p>\n<p><u>Luned\u00ec 3 marzo<\/u><\/p>\n<p>dalle ore 14.30 alle ore 17.30 <strong>CARNEVAL DEI PUTEI <\/strong>Intrattenimento e animazione per bambini con <strong>MARAVEE ANIMAZIONE<\/strong><\/p>\n<p>Giochi a squadre, baby dance, sculture di palloncini<\/p>\n<p><strong>E alle 19.00\u2026 tutti in Piazzetta a Panzano <\/strong>\u201cPROVANDO LA CANTADA\u201d <em>c<\/em><em>on la Banda Civica Citt\u00e0 di Monfalcone e <\/em>premiazioni del concorso \u201cLa frittola d\u2019oro\u201d<\/p>\n<p><strong>141\u00b0 CARNEVALE MONFALCONESE\u00ae<\/strong><\/p>\n<p><strong>Marted\u00ec 4 marzo, Centro Citt\u00e0<\/strong><\/p>\n<p><strong>ore 9.00<\/strong> partenza del <strong>corteo degli sposi<\/strong> dalla sede della Pro Loco in Via Mazzini e tradizionale giro di saluto per i borghi della citt\u00e0<\/p>\n<h1>ore 11.30 Piazza della Repubblica: distribuzione al pubblico dei testi delle canzoni della \u201cCantada\u201d e intrattenimento con lo speaker ufficiale del Carnevale Monfalconese Louis Guglielmero nei panni di Willy Wonka<\/h1>\n<p><strong>ore 12.00<\/strong> in punto: arrivo del corteo degli sposi in Piazza della Repubblica<\/p>\n<p><strong>Alzabandiera<\/strong> del Comune accompagnato dall\u2019Inno a Monfalcone<\/p>\n<p>Piazza della Repubblica, dal terrazzo del Palazzo Municipale:<\/p>\n<p>Tradizionale cerimonia e orazione pubblica <strong>Giuramento del Notaio Toio Gratariol<\/strong> e <strong>Lettura del Testamento de Sior Anzoleto Postier<\/strong><\/p>\n<p><strong>(<\/strong>Per la gioia di tutti i bisiachi nel mondo, o impossibilitati a partecipare alla cerimonia, anche in diretta streaming)<\/p>\n<p><strong>Cantada in Piaza:<\/strong> tutta la cittadinanza conclude la cerimonia cantando le tipiche canzoni locali, accompagnata dalla Banda Civica Citt\u00e0 di Monfalcone.<\/p>\n<p><strong>dalle 14.00<\/strong>: partenza da Via Matteotti del 141\u00b0 Carnevale Monfalconese con la <strong>Grande Sfilata<\/strong> di carri allegorici, gruppi mascherati e bande musicali.<\/p>\n<p>Il serpentone mascherato seguir\u00e0 il tradizionale percorso di ben 3 Km attraverso le seguenti vie: da Via Matteotti svolter\u00e0 a sinistra in Viale San Marco proseguendo poi in Via Bixio e Via Garibaldi. Imboccher\u00e0 poi Via Duca d\u2019Aosta dal Largo Anconetta giungendo per l\u2019esibizione davanti alla Giuria in Piazza della Repubblica. A fine corteo la Giuria proclamer\u00e0 dal palco il vincitore della sfilata nelle categorie carri e gruppi.<\/p>\n<p>A grande richiesta quest\u2019anno ritornano, in apertura della sfilata, il Gruppo Ipanema con le coloratissime e spettacolari <strong>ballerine brasiliane<\/strong>.<\/p>\n<p>Con la partecipazione della <strong>madrina<\/strong> del Carnevale Monfalconese: la showgirl, attrice, cantante e ballerina <strong>CARMEN RUSSO<\/strong><\/p>\n<p>Al termine della sfilata, ore 18.00 circa, in Piazza della Repubblica: Gran finale con musica, cabaret e spettacolo con i <strong>CRAMPI ELISI <\/strong><\/p>\n<p>Maxino, Elisa Bombacigno e Flavio Furian (Uolter \u201cla Boba de Borgo\u201d)<\/p>\n<p>Al termine <strong>Ammainabandiera <\/strong>del Comune.<\/p>\n<p>Tutta la sfilata del Carnevale Monfalconese sar\u00e0 ripresa da Telefriuli e Teleantenna.<\/p>\n<p>Servizio <strong>bus navetta<\/strong> da Via Pocar a Via Plinio in centro citt\u00e0 con partenze ogni 10 minuti dalle 11.30 alle 17.30<\/p>\n<p><em>data e luogo da definire<\/em><\/p>\n<p><strong>Premiazioni MAGNEMO FORA DE CASA\u00ae <\/strong><\/p>\n<p>Cerimonia conclusiva con premiazione del miglior men\u00f9 proposto. Consegna del piatto ricordo a tutti i partecipanti. <em>Momento conviviale con tutti i collaboratori del Carnevale Monfalconese.<\/em><\/p>\n","protected":false},"excerpt":{"rendered":"<p>Ecco il programma del 141\u00b0 Carnevale Monfalconese: Da Venerd\u00ec 7 febbraio a domenica 9 Marzo 2025 Presso i Ristoranti del [&hellip;]<\/p>\n","protected":false},"author":1,"featured_media":1974,"comment_status":"closed","ping_status":"closed","sticky":false,"template":"","format":"standard","meta":[],"categories":[4],"tags":[],"_links":{"self":[{"href":"https:\/\/www.monfalcone.info\/index.php\/wp-json\/wp\/v2\/posts\/1977"}],"collection":[{"href":"https:\/\/www.monfalcone.info\/index.php\/wp-json\/wp\/v2\/posts"}],"about":[{"href":"https:\/\/www.monfalcone.info\/index.php\/wp-json\/wp\/v2\/types\/post"}],"author":[{"embeddable":true,"href":"https:\/\/www.monfalcone.info\/index.php\/wp-json\/wp\/v2\/users\/1"}],"replies":[{"embeddable":true,"href":"https:\/\/www.monfalcone.info\/index.php\/wp-json\/wp\/v2\/comments?post=1977"}],"version-history":[{"count":4,"href":"https:\/\/www.monfalcone.info\/index.php\/wp-json\/wp\/v2\/posts\/1977\/revisions"}],"predecessor-version":[{"id":1989,"href":"https:\/\/www.monfalcone.info\/index.php\/wp-json\/wp\/v2\/posts\/1977\/revisions\/1989"}],"wp:featuredmedia":[{"embeddable":true,"href":"https:\/\/www.monfalcone.info\/index.php\/wp-json\/wp\/v2\/media\/1974"}],"wp:attachment":[{"href":"https:\/\/www.monfalcone.info\/index.php\/wp-json\/wp\/v2\/media?parent=1977"}],"wp:term":[{"taxonomy":"category","embeddable":true,"href":"https:\/\/www.monfalcone.info\/index.php\/wp-json\/wp\/v2\/categories?post=1977"},{"taxonomy":"post_tag","embeddable":true,"href":"https:\/\/www.monfalcone.info\/index.php\/wp-json\/wp\/v2\/tags?post=1977"}],"curies":[{"name":"wp","href":"https:\/\/api.w.org\/{rel}","templated":true}]}}