{"id":239,"date":"2014-03-18T09:57:31","date_gmt":"2014-03-18T08:57:31","guid":{"rendered":"http:\/\/www.monfalcone.info\/?p=239"},"modified":"2014-03-18T09:59:14","modified_gmt":"2014-03-18T08:59:14","slug":"239","status":"publish","type":"post","link":"https:\/\/www.monfalcone.info\/index.php\/239\/","title":{"rendered":"PREMIAZIONI CARNEVALE MONFALCONESE 2014"},"content":{"rendered":"<p style=\"text-align: center;\">Luned\u00ec 17 marzo, alle ore 17.30, presso l\u2019Osteria \u201cDa Bepi Meo\u201d a San Canzian d\u2019Isonzo\u00a0si sono tenute le premiazioni a conclusione delle manifestazioni del 130\u00b0 Carnevale Monfalconese.<\/p>\n<p>Dopo un saluto della Presidente della Pro Loco Brunella Papa e del Vice Sindaco del Comune di Monfalcone Omar Greco, prima di entrare nel clou delle premiazioni del Carnevale, nell\u2019occasione la Presidente Papa ha consegnato il <span style=\"color: #339966;\"><strong>ricavato del Mercatino di San Nicol\u00f2 2013<\/strong><\/span> all\u2019Associazione Fabis (famiglie con bisogni speciali) di Staranzano.<\/p>\n<p>Nella mattinata di domenica 8 dicembre 2013, in Piazza della Repubblica, si \u00e8 tenuta questa tradizionale manifestazione (giunta gi\u00e0 alla sua 19ma edizione) che prevede una mostra mercato degli oggetti realizzati nei laboratori scolastici e presso le associazioni di volontariato del monfalconese.\u00a0Alla Pro Loco dispiace che per questa edizione alcune storiche scuole non abbiano partecipato all\u2019iniziativa, preferendo gestire una manifestazione per proprio conto.\u00a0Durante la mattinata si \u00e8 tenuta un\u2019esibizione del Circolo Pugliesi Il Trullo, animazione a cura dell\u2019Associazione Turchina e degli Scout Monfalcone ed esposizione dei mezzi della Protezione Civile, Carabinieri, Croce Rossa, Grigioverdi.\u00a0Sono stati raccolti ben 1.400 euro grazie alle scuole dell\u2019infanzia Cellottini, Scarabocchio, Tartini e di Turriaco, al Circolo il Trullo, all\u2019Universit\u00e0 della Terza Et\u00e0, ai Grigioverdi, e a Flavia Cosolo con il suo \u201dtiremes\u00f9\u201d.<\/p>\n<p>Si \u00e8 passati poi a ringraziare i collaboratori di tutte le iniziative di grande successo del 130\u00b0 Carnevale e del 50ennale di Sior Anzoleto interpretato da Orlando Manfrini.\u00a0Con l\u2019occasione la Pro Loco ha voluto ringraziare Federico Miniussi (con la riflessione che ogni tanto per fortuna si avvicina alla pro loco qualche nuovo e giovane collaboratore) che con la sua disponibilit\u00e0 e tempo ha fatto in modo che il sito della pro loco www.monfalcone.info sia rinnovato e pi\u00f9 dinamico.\u00a0E, a proposito di giovani collaboratori, \u00e8 stato consegnato un piatto ricordo (che, ricordiamo, raffigura la copertina de La Cantada 2014) all\u2019artista che l\u2019ha realizzata, Michele Nolli, oltre che alla \u201cRosa ti sposa\u201d<i> <\/i>per l\u2019abito della sposa di Sior Anzoleto.\u00a0E\u2019 stato in seguito consegnato un piccolo <span style=\"color: #339966;\"><strong>riconoscimento<\/strong> <\/span>per dire \u2018grazie\u2019 a tutti i <strong><span style=\"color: #339966;\">collaboratori<\/span> <\/strong>che hanno aiutato la pro loco a rendere il Carnevale Monfalconese il pi\u00f9 grande della Regione e l\u2019orgoglio della Citt\u00e0!\u00a0A Livio Glavich per la scrittura del Testamento di Sior Anzoleto, ai collaboratori della sfilata (Ass.ne Radioamatori Italiani sezione di Monfalcone, Associazione Carabinieri in congedo, Protezione Civile sezione di Monfalcone, Associazione Nazionale Marinai d\u2019Italia Monfalcone, Mauro Tagliapietra). E ancora: al Circolo Filatelico Numismatico Monfalconese per la realizzazione dell\u2019annullo postale e delle cartoline del carnevale, allo speaker ufficiale Stefano Munari, ai collaboratori Trevisan Livio e Guido Bellan, alla Compagnia del Carro di Staranzano e a Novati &amp; Mio per il trono che ha portato in trionfo Sior Anzoleto per tutta la Citt\u00e0, a Cam Arte &amp; Musica e al Club dei Venti All\u2019ora di Trieste.<\/p>\n<p align=\"center\"><span style=\"color: #ff0000;\"><b>PREMIO VIDULICH, 9\u00b0 edizione!<\/b><\/span><\/p>\n<p>Anche quest\u2019anno <i>La Cantada<\/i> ha potuto contare sulla collaborazione della famiglia Vidulich che, in ricordo del figlio Mauro (bisiaco legato indissolubilmente alla sua terra, purtroppo\u00a0 prematuramente scomparso) ha istituito un Premio per le migliori produzioni della rivista, nelle categorie \u201cprosa\u201d, \u201cpoesia\u201d e \u201cvignetta\/barzelletta \/grafica\u201d.\u00a0Un sentito e sincero ringraziamento va agli amici Vidulich dalla Pro Loco Monfalcone.<\/p>\n<p>Questi i vincitori: <strong>per le poesie \u201ci Audiolesi\u201d e \u201ci Tirolesi\u201d (pagina 15): Ermanno Pellis; per le vignette della pagina \u201cBla, bla, bla\u2026\u201d (pagina 9): Gian Carlo Blasini; per la prosa \u201cStoria e multiculturalit\u00e0 della parlata bisiaca\u201d (pagine 94-95): Desiree Dreos.<\/strong><\/p>\n<p>Quest\u2019anno la Famiglia Vidulich ha effettuato inoltre, esattamente nel giorno del 34\u00b0 compleanno di Mauro e nel decennale della sua scomparsa, una donazione speciale alla Banda Giovanile di Monfalcone, per ricordarlo nel modo a lui pi\u00f9 congeniale.<\/p>\n<p align=\"center\"><span style=\"color: #ff0000;\"><b>MAGNEMO FORA DE CASA<\/b><\/span><\/p>\n<p>Dopo la consegna del piatto ricordo personalizzato a tutti i ristoranti aderenti all\u2019iniziativa, sono stati finalmente svelati i vincitori di questa edizione dell\u2019iniziativa<\/p>\n<p>&nbsp;<\/p>\n<p align=\"center\">3\u00b0 CLASSIFICATO<\/p>\n<p align=\"center\">Motivazione:<\/p>\n<p align=\"center\"><i>La piazza principale di Monfalcone fa da location d\u2019eccezione per questo locale dallo stile pulito ed elegante. Interessante l\u2019abbinamento tra l\u2019originale orzotto e le seppie in umido che ci riportano ad una delle pi\u00f9 popolari tradizioni culinarie del nostro territorio. Molto buono il rapporto fra la qualit\u00e0 delle materie prime e il prezzo, nonch\u00e9 la cortesia e disponibilit\u00e0 dello staff.<\/i><\/p>\n<p align=\"center\"><b>Ristorante Pizzeria \u201cLa Sciantosa\u201d<\/b><\/p>\n<p align=\"center\">2\u00b0 CLASSIFICATO<\/p>\n<p align=\"center\">Motivazione<b>:<\/b><\/p>\n<p align=\"center\"><i>Men\u00f9 completo e proporzionato: le porzioni sono abbondanti quel che basta per gustare i piatti senza per\u00f2 sentirsi appesantiti. Ottimo l\u2019equilibrio tra pietanze dalle consistenze diverse. Si nota l\u2019utilizzo di materie prime di qualit\u00e0 che donano un gusto particolare.\u00a0 Mise en place curata ed adeguata al locale. L\u2019ambiente \u00e8 intimo e ben pensato per far sentire il Cliente quasi a casa o ospite da amici.\u00a0 <\/i><\/p>\n<p align=\"center\"><b>Trattoria &#8220;al Commercio da Giovanni&#8221;<\/b><\/p>\n<p align=\"center\"><span style=\"color: #339966;\">1\u00b0 CLASSIFICATO<\/span><\/p>\n<p align=\"center\"><span style=\"color: #339966;\">Motivazione:<\/span><\/p>\n<p align=\"center\"><span style=\"color: #339966;\"><i>\u201cDi nome e di fatto\u201d (quando leggerete il nome del Locale, capirete il perch\u00e9). Le pietanze giuliane, pur in ambiente friulano, hanno mantenuto intatti i sapori che le contraddistinguono grazie alla maestria del titolare. Ottima presentazione ed eccellente combinazione delle materie prime. Ottima la cortesia.<\/i><\/span><\/p>\n<p align=\"center\"><span style=\"color: #339966;\">VINCE IL PIATTO DEL 130\u00b0 CARNEVALE MONFALCONESE<\/span><\/p>\n<p align=\"center\"><span style=\"color: #339966;\"><b>Trattoria Osteria Alle Pietre da Beato<\/b><b> <\/b><\/span><\/p>\n<p><span style=\"color: #339966;\">\u00a0<\/span><\/p>\n<p>&nbsp;<\/p>\n<p>&nbsp;<\/p>\n<p>&nbsp;<\/p>\n<p>&nbsp;<\/p>\n<p>&nbsp;<\/p>\n","protected":false},"excerpt":{"rendered":"<p>Luned\u00ec 17 marzo, alle ore 17.30, presso l\u2019Osteria \u201cDa Bepi Meo\u201d a San Canzian d\u2019Isonzo\u00a0si sono tenute le premiazioni a [&hellip;]<\/p>\n","protected":false},"author":2,"featured_media":0,"comment_status":"closed","ping_status":"closed","sticky":false,"template":"","format":"standard","meta":[],"categories":[11],"tags":[],"_links":{"self":[{"href":"https:\/\/www.monfalcone.info\/index.php\/wp-json\/wp\/v2\/posts\/239"}],"collection":[{"href":"https:\/\/www.monfalcone.info\/index.php\/wp-json\/wp\/v2\/posts"}],"about":[{"href":"https:\/\/www.monfalcone.info\/index.php\/wp-json\/wp\/v2\/types\/post"}],"author":[{"embeddable":true,"href":"https:\/\/www.monfalcone.info\/index.php\/wp-json\/wp\/v2\/users\/2"}],"replies":[{"embeddable":true,"href":"https:\/\/www.monfalcone.info\/index.php\/wp-json\/wp\/v2\/comments?post=239"}],"version-history":[{"count":3,"href":"https:\/\/www.monfalcone.info\/index.php\/wp-json\/wp\/v2\/posts\/239\/revisions"}],"predecessor-version":[{"id":242,"href":"https:\/\/www.monfalcone.info\/index.php\/wp-json\/wp\/v2\/posts\/239\/revisions\/242"}],"wp:attachment":[{"href":"https:\/\/www.monfalcone.info\/index.php\/wp-json\/wp\/v2\/media?parent=239"}],"wp:term":[{"taxonomy":"category","embeddable":true,"href":"https:\/\/www.monfalcone.info\/index.php\/wp-json\/wp\/v2\/categories?post=239"},{"taxonomy":"post_tag","embeddable":true,"href":"https:\/\/www.monfalcone.info\/index.php\/wp-json\/wp\/v2\/tags?post=239"}],"curies":[{"name":"wp","href":"https:\/\/api.w.org\/{rel}","templated":true}]}}