{"id":706,"date":"2015-02-13T11:41:16","date_gmt":"2015-02-13T10:41:16","guid":{"rendered":"http:\/\/www.monfalcone.info\/?p=706"},"modified":"2015-02-13T11:41:16","modified_gmt":"2015-02-13T10:41:16","slug":"partecipanti-sfilata-e-programma-martedi-grasso","status":"publish","type":"post","link":"https:\/\/www.monfalcone.info\/index.php\/partecipanti-sfilata-e-programma-martedi-grasso\/","title":{"rendered":"Partecipanti sfilata e programma marted\u00ec grasso"},"content":{"rendered":"<h3 style=\"text-align: center;\"><span style=\"color: #ff0000;\">MARTED\u00ec 17 FEBBRAIO 2015, PROGRAMMA<\/span><\/h3>\n<p><strong>ore 9.00<\/strong>: partenza del <strong>corteo degli sposi<\/strong> dalla sede della Pro Loco in Via Mazzini e tradizionale giro di saluto per i borghi della citt\u00e0.<\/p>\n<p><strong>ore 12.00<\/strong> <strong>Alzabandiera<\/strong><\/p>\n<p>Inno a Monfalcone<\/p>\n<p><strong>Giuramento del Notaio Toio Gratariol<\/strong> e <span style=\"color: #ff0000;\"><strong>Lettura del Testamento de Sior Anzoleto Postier<\/strong><\/span>;<\/p>\n<p><strong>Cantada in Piaza <\/strong>con la Banda Civica Citt\u00e0 di Monfalcone<\/p>\n<p><span style=\"color: #ff0000;\"><strong>Quest\u2019anno i bisiachi in giro per il mondo, ma anche quelli che non riescono a presenziare in piazza, saranno felici dei sapere che sar\u00e0 possibile ascoltare IN DIRETTA il Testamento semplicemente accedendo al sito della pro loco www.monfalcone.info (dalle ore 12.00 alle 12.45 circa)<\/strong><\/span><\/p>\n<p><strong><span style=\"color: #ff0000;\">Dal tardo pomeriggio sar\u00e0 inoltre disponibile la registrazione audiovisiva sul canale youtube della Pro Loco.<\/span><\/strong><\/p>\n<p>Grazie infinite a Federico Miniussi per permettere tutto questo!<\/p>\n<p><strong>\u00a0<\/strong><\/p>\n<p><strong>dalle 13.30<\/strong>: partenza da Via Matteotti del 131\u00b0 Carnevale Monfalconese con la <span style=\"color: #ff0000;\"><strong>Grande Sfilata<\/strong><\/span> di carri allegorici, gruppi mascherati e bande musicali.<\/p>\n<h3 style=\"text-align: center;\"><span style=\"color: #33cccc;\"><strong>Elenco partecipanti in ordine di sfilata:\u00a0<\/strong><strong>&gt;&gt;\u00a0<a style=\"color: #33cccc;\" href=\"http:\/\/www.monfalcone.info\/wp-content\/uploads\/2015\/02\/SF-ordine-di-partenza.pdf\">SF ordine di partenza<\/a>\u00a0&gt;&gt;<\/strong><\/span><\/h3>\n<p>Il serpentone mascherato seguir\u00e0 il tradizionale percorso di ben 3 Km attraverso le seguenti vie: da Via Matteotti svolter\u00e0 a sinistra in Viale San Marco proseguendo poi in Via Bixio e Via Garibaldi. Imboccher\u00e0 poi Via Duca d\u2019Aosta dal Largo Anconetta giungendo per l\u2019esibizione davanti alla Giuria in Piazza della Repubblica. A fine corteo la Giuria proclamer\u00e0 dal palco il vincitore della sfilata nelle categorie carri e gruppi.<\/p>\n<p><span style=\"color: #ff0000;\"><strong>Novit\u00e0 2015: un premio speciale al miglior partecipante alla sfilata che otterr\u00e0 pi\u00f9 \u201cMi piace\u201d sul web. Il regolamento sar\u00e0 disponibile a breve sulla pagina Facebook\u00a0della pro loco.<\/strong><\/span><\/p>\n<p>Speaker ufficiale del Carnevale Monfalconese: <strong>Stefano Munari.<\/strong><\/p>\n<p>A fine sfilata <strong><span style=\"color: #ff0000;\">Concerto Live con Lorenzo Pilat<\/span>: <\/strong>le pi\u00f9 belle e famose canzoni della nostra tradizione, da cantare e ballare tutti insieme con questo artista che non ha bisogno di presentazioni!<\/p>\n<p>La sera la festa continua, come da antica tradizione all\u2019ex albergo impiegati dalle ore 20.30 alle ore 24.00 con il <span style=\"color: #ff0000;\"><strong>VILION DE CARNEVAL\u00a0<\/strong><\/span>(Cena a buffet, bevande comprese, <strong>Musica dal vivo<\/strong> con Ciano, <strong>Show di Burlesque<\/strong> con la meravigliosa e conturbante <strong>Sweet Pepper<\/strong>!, <strong>Grande premio alla migliore maschera: Weekend benessere per due persone <\/strong>alle terme di Olimpia, Ingresso \u20ac 25,00, posti limitati! Info e prenotazioni 0481411525)<\/p>\n","protected":false},"excerpt":{"rendered":"<p>MARTED\u00ec 17 FEBBRAIO 2015, PROGRAMMA ore 9.00: partenza del corteo degli sposi dalla sede della Pro Loco in Via Mazzini [&hellip;]<\/p>\n","protected":false},"author":2,"featured_media":0,"comment_status":"closed","ping_status":"closed","sticky":false,"template":"","format":"standard","meta":[],"categories":[19],"tags":[],"_links":{"self":[{"href":"https:\/\/www.monfalcone.info\/index.php\/wp-json\/wp\/v2\/posts\/706"}],"collection":[{"href":"https:\/\/www.monfalcone.info\/index.php\/wp-json\/wp\/v2\/posts"}],"about":[{"href":"https:\/\/www.monfalcone.info\/index.php\/wp-json\/wp\/v2\/types\/post"}],"author":[{"embeddable":true,"href":"https:\/\/www.monfalcone.info\/index.php\/wp-json\/wp\/v2\/users\/2"}],"replies":[{"embeddable":true,"href":"https:\/\/www.monfalcone.info\/index.php\/wp-json\/wp\/v2\/comments?post=706"}],"version-history":[{"count":1,"href":"https:\/\/www.monfalcone.info\/index.php\/wp-json\/wp\/v2\/posts\/706\/revisions"}],"predecessor-version":[{"id":708,"href":"https:\/\/www.monfalcone.info\/index.php\/wp-json\/wp\/v2\/posts\/706\/revisions\/708"}],"wp:attachment":[{"href":"https:\/\/www.monfalcone.info\/index.php\/wp-json\/wp\/v2\/media?parent=706"}],"wp:term":[{"taxonomy":"category","embeddable":true,"href":"https:\/\/www.monfalcone.info\/index.php\/wp-json\/wp\/v2\/categories?post=706"},{"taxonomy":"post_tag","embeddable":true,"href":"https:\/\/www.monfalcone.info\/index.php\/wp-json\/wp\/v2\/tags?post=706"}],"curies":[{"name":"wp","href":"https:\/\/api.w.org\/{rel}","templated":true}]}}