{"id":751,"date":"2015-03-25T15:12:32","date_gmt":"2015-03-25T14:12:32","guid":{"rendered":"http:\/\/www.monfalcone.info\/?p=751"},"modified":"2015-03-25T15:12:32","modified_gmt":"2015-03-25T14:12:32","slug":"vasi-dautore-piazza-della-repubblica-a-monfalcone-28-e-29-marzo-2015","status":"publish","type":"post","link":"https:\/\/www.monfalcone.info\/index.php\/vasi-dautore-piazza-della-repubblica-a-monfalcone-28-e-29-marzo-2015\/","title":{"rendered":"VASI d&#8217;AUTORE &#8211; Piazza della Repubblica a Monfalcone, 28 e 29 marzo 2015"},"content":{"rendered":"<p>Nell\u2019ambito della manifestazione \u201cMonfalcone in Fiore\u201d organizzata dal Comune di Monfalcone in Piazza della Repubblica da venerd\u00ec 27 a domenica 29 marzo 2015, la Pro Loco Monfalcone, in collaborazione con Endas e altri pregiati artisti locali, propone una nuova iniziativa artistico culturale: \u201cVASI d\u2019AUTORE\u201d.<\/p>\n<p>La Pro Loco sar\u00e0 presente in Piazza nei giorni sabato 28 e domenica 29 marzo, dalle 9.30 alle 19.30 circa, con uno stand presso il quale saranno esposti dei vasi di terracotta dal grande valore artistico, in quanto dipinti e decorati con l\u2019estro di rinomati artisti locali.<\/p>\n<p>\u201cSiamo molto soddisfatti del feedback avuto dagli autori che hanno accolto con entusiasmo la nostra idea prestando la propria arte alla nostra associazione\u201d \u2013 cos\u00ec la Presidente Brunella Papa \u2013 \u201cDesidero ringraziare sentitamente la Presidente dell\u2019Endas Maria Grazia Persolja e gli autori, tutti indistintamente, che hanno dimostrato grande sensibilit\u00e0 e solidariet\u00e0 nei confronti dell\u2019Associazione che presiedo, omaggiandola di un prezioso regalo. Sono certa che anche il pubblico apprezzer\u00e0 questa importante iniziativa.\u201d<\/p>\n<p>Stiamo parlando di artisti del calibro di (in ordine alfabetico): Alda Antoni, Aldo Bressanutti, Gabriella Calsolaro, Pino Giuffrida, Cristiano Leban, Laura Miorin, Armando Pizzignach, Rosalba Ruzzier, Dario Sanson e Marina Vianello.<br \/>\nLa vendita dei vasi partir\u00e0 da un prezzo base proposto da ogni singolo artista e gli interessati potranno proporre la propria offerta in busta chiusa.<\/p>\n<p>Domenica la Pro Loco sveler\u00e0 chi si aggiudicher\u00e0 ogni opera, unica nel suo genere. Il regolamento completo sar\u00e0 disponibile presso lo stand.<\/p>\n<p>Vi aspettiamo tutti in Piazza per un confronto, una chiacchierata o semplicemente per ammirare gli oggetti proposti dai nostri artisti.<\/p>\n","protected":false},"excerpt":{"rendered":"<p>Nell\u2019ambito della manifestazione \u201cMonfalcone in Fiore\u201d organizzata dal Comune di Monfalcone in Piazza della Repubblica da venerd\u00ec 27 a domenica [&hellip;]<\/p>\n","protected":false},"author":2,"featured_media":0,"comment_status":"closed","ping_status":"closed","sticky":false,"template":"","format":"standard","meta":[],"categories":[2],"tags":[],"_links":{"self":[{"href":"https:\/\/www.monfalcone.info\/index.php\/wp-json\/wp\/v2\/posts\/751"}],"collection":[{"href":"https:\/\/www.monfalcone.info\/index.php\/wp-json\/wp\/v2\/posts"}],"about":[{"href":"https:\/\/www.monfalcone.info\/index.php\/wp-json\/wp\/v2\/types\/post"}],"author":[{"embeddable":true,"href":"https:\/\/www.monfalcone.info\/index.php\/wp-json\/wp\/v2\/users\/2"}],"replies":[{"embeddable":true,"href":"https:\/\/www.monfalcone.info\/index.php\/wp-json\/wp\/v2\/comments?post=751"}],"version-history":[{"count":1,"href":"https:\/\/www.monfalcone.info\/index.php\/wp-json\/wp\/v2\/posts\/751\/revisions"}],"predecessor-version":[{"id":752,"href":"https:\/\/www.monfalcone.info\/index.php\/wp-json\/wp\/v2\/posts\/751\/revisions\/752"}],"wp:attachment":[{"href":"https:\/\/www.monfalcone.info\/index.php\/wp-json\/wp\/v2\/media?parent=751"}],"wp:term":[{"taxonomy":"category","embeddable":true,"href":"https:\/\/www.monfalcone.info\/index.php\/wp-json\/wp\/v2\/categories?post=751"},{"taxonomy":"post_tag","embeddable":true,"href":"https:\/\/www.monfalcone.info\/index.php\/wp-json\/wp\/v2\/tags?post=751"}],"curies":[{"name":"wp","href":"https:\/\/api.w.org\/{rel}","templated":true}]}}