{"id":995,"date":"2017-01-27T09:16:53","date_gmt":"2017-01-27T08:16:53","guid":{"rendered":"http:\/\/www.monfalcone.info\/?p=995"},"modified":"2017-03-06T11:48:47","modified_gmt":"2017-03-06T10:48:47","slug":"31-magnemo-fora-de-casa","status":"publish","type":"post","link":"https:\/\/www.monfalcone.info\/index.php\/31-magnemo-fora-de-casa\/","title":{"rendered":"31\u00b0 MAGNEMO FORA DE CASA"},"content":{"rendered":"<p>Proposte del piatto di Carnevale a prezzo fisso, in collaborazione con i locali consigliati dalla PRO LOCO MONFALCONE.<\/p>\n<p>Da \u00a0VENERD\u00ec 27 Gennaio a DOMENICA 05 Marzo.<\/p>\n<p>I locali aderenti all&#8217; iniziativa sono esclusivamente quelli che espongono la locandina ufficiale e sono elencati nel nostro volantino, che\u00a0pu\u00f2 essere ritirato presso i nostri uffici nei seguenti orari: da lun a ven 09-13 \u00a0e 15 &#8211; 18 ( marted\u00ec pomeriggio 15-17)<\/p>\n<p><a href=\"http:\/\/www.monfalcone.info\/wp-content\/uploads\/2017\/01\/MFC-copertina-2.jpg\"><img loading=\"lazy\" class=\"alignnone size-medium wp-image-1001\" src=\"http:\/\/www.monfalcone.info\/wp-content\/uploads\/2017\/01\/MFC-copertina-2-143x300.jpg\" alt=\"\" width=\"143\" height=\"300\" srcset=\"https:\/\/www.monfalcone.info\/wp-content\/uploads\/2017\/01\/MFC-copertina-2-143x300.jpg 143w, https:\/\/www.monfalcone.info\/wp-content\/uploads\/2017\/01\/MFC-copertina-2-768x1616.jpg 768w, https:\/\/www.monfalcone.info\/wp-content\/uploads\/2017\/01\/MFC-copertina-2-487x1024.jpg 487w, https:\/\/www.monfalcone.info\/wp-content\/uploads\/2017\/01\/MFC-copertina-2.jpg 1123w\" sizes=\"(max-width: 143px) 100vw, 143px\" \/><\/a><\/p>\n<p>&nbsp;<\/p>\n<blockquote><p>&gt; clikka sul volantino &gt;&gt;\u00a0<a href=\"http:\/\/www.monfalcone.info\/wp-content\/uploads\/2017\/01\/MFC-piccolo.pdf\">MFC piccolo<\/a>\u00a0&gt;&gt;<\/p><\/blockquote>\n<p>&nbsp;<\/p>\n<p>Ristorante<strong> ALLE COMARI<\/strong><\/p>\n<p>Lega Navale Italiana sez. Monfalcone<\/p>\n<p>Via dell&#8217; Agraria, 54<\/p>\n<p>Monfalcone (GO)<\/p>\n<p><strong>Tel. 393 1935400<\/strong><\/p>\n<p><em>Chiuso il marted\u00ec<\/em><\/p>\n<p>&nbsp;<\/p>\n<p>Gnocchetti fatti a mano alla rana pescatrice e radicchio rosso<\/p>\n<p>Zuppetta di pesce con crostoni di pane<\/p>\n<p>Semifreddo al croccantino con salsa al cioccolato calda<\/p>\n<p>\u00bd lt di acqua, 1 calice di vino, caff\u00e8<\/p>\n<p>\u20ac 22,00<\/p>\n<p><u>\u00a0<\/u><\/p>\n<p>Tagliatelle fatte in casa con rag\u00f9 bianco al profumo di arancia<\/p>\n<p>\u00bd stinco con patate in tecia e crauti<\/p>\n<p>Semifreddo al croccantino con salsa al cioccolato calda<\/p>\n<p>\u00bd acqua, 1 calice di vino, caff\u00e8<\/p>\n<p>\u20ac 19,00<\/p>\n<p>&nbsp;<\/p>\n<p>&nbsp;<\/p>\n<p>Trattoria<\/p>\n<p><strong>AL COMMERCIO <\/strong><\/p>\n<p><strong>DA GIOVANNI<\/strong><\/p>\n<p>Largo Garibaldi, 19<\/p>\n<p>Pieris (Go)<\/p>\n<p><strong>Tel. 0481 76049 &#8211; 338 8824888<\/strong><\/p>\n<p><em>Chiuso la domenica<\/em><\/p>\n<p>&nbsp;<\/p>\n<p>Prosciutto di Praga caldo con Kren<\/p>\n<p>Canederli con Gulasch di manzo<\/p>\n<p>R\u00f6sti di Patate<\/p>\n<p>Omelette di marmellata d\u2019arance e cioccolato<\/p>\n<p>\u00bc vino, \u00a0\u00bd minerale o birra 0,5 l<\/p>\n<p>\u20ac 17,00<\/p>\n<p>Mercoled\u00ec delle ceneri:Men\u00f9 con Renga e Baccal\u00e0<\/p>\n<p>&nbsp;<\/p>\n<p>CLUB HOUSE MARINA LEPANTO<\/p>\n<p>Ristorante <strong>LA ROSA DEI VENTI<\/strong><\/p>\n<p>Via Consiglio d&#8217;Europa, 38<\/p>\n<p>Monfalcone (GO)<\/p>\n<p><strong>Tel. 0481 791502<\/strong><\/p>\n<p>&nbsp;<\/p>\n<p>Brindisi di benvenuto<\/p>\n<p>Maccheroncini al torchio<\/p>\n<p>con pesce spada fresco, crema di rucola e pomodorino<\/p>\n<p>Baccal\u00e0 alla vicentina con polentina morbida<\/p>\n<p>Panna cotta con salsa al caramello<\/p>\n<p>Acqua, 1 calice vino, caff\u00e8<\/p>\n<p>\u20ac 23,00<\/p>\n<p>&nbsp;<\/p>\n<p>Brindisi di benvenuto<\/p>\n<p>Garganelli con rag\u00f9 di vitello profumato al timo<\/p>\n<p>Spezzatino di cinghiale con polentina morbida<\/p>\n<p>Panna cotta con salsa al caramello<\/p>\n<p>Acqua, 1 calice vino, caff\u00e8<\/p>\n<p>\u20ac 20,00<\/p>\n<p>&nbsp;<\/p>\n<p>&nbsp;<\/p>\n<p>Trattoria Paninoteca<\/p>\n<p><strong>DA BOSCAROL<\/strong><\/p>\n<p>Via XXIV maggio, 107<\/p>\n<p>Ronchi dei Legionari (GO)<\/p>\n<p><strong>tel. 0481 483380 \u2013 393 9841471<\/strong><\/p>\n<p><em>Chiusura luned\u00ec e marted\u00ec<\/em><\/p>\n<p>&nbsp;<\/p>\n<p>Baccal\u00e0 e polenta<\/p>\n<p>Insalata mista<\/p>\n<p>\u00bc di vino o bibita piccola<\/p>\n<p>\u20ac 15,00<\/p>\n<p>&nbsp;<\/p>\n<p>Goulasch e polenta<\/p>\n<p>patate in tecia<\/p>\n<p>\u00bc di vino o bibita piccola<\/p>\n<p>\u20ac 12,50<\/p>\n<p>&nbsp;<\/p>\n<p>&nbsp;<\/p>\n<p><strong>NAUTEC <\/strong>Bar-Ristorante<\/p>\n<p>Via Consiglio d\u2019Europa 36<\/p>\n<p>Monfalcone (Zona Lisert)<\/p>\n<p><strong>Tel. 328 2545426<\/strong><\/p>\n<p><strong><em>Aperto a pranzo dal marted\u00ec alla domenica Chiuso il luned\u00ec<\/em><\/strong><\/p>\n<p><strong><u>\u00a0<\/u><\/strong><\/p>\n<p>Ravioli di mare con salsa ai crostacei<\/p>\n<p>Calamari in guazzetto con crostini<\/p>\n<p>Limoncello<\/p>\n<p>\u00bc Vino, \u00bd Minerale, Caff\u00e8<\/p>\n<p>\u20ac 20,00<\/p>\n<p>&nbsp;<\/p>\n<p>&nbsp;<\/p>\n<p>Trattoria<strong> AL GRANSO<\/strong><\/p>\n<p>di Fuchs Lorenzo<\/p>\n<p>Via Cosulich, 97<\/p>\n<p>Monfalcone (GO)<\/p>\n<p><strong>Tel.\u00a0 333 8003683<\/strong><\/p>\n<p><em>Chiuso il luned\u00ec<\/em><\/p>\n<p>&nbsp;<\/p>\n<p>Bavette alla scogliera<\/p>\n<p>Seppie in umido con polenta<\/p>\n<p>\u00bd acqua, \u00bc vino<\/p>\n<p>\u20ac 17,90<\/p>\n<p>&nbsp;<\/p>\n<p>Garganelli con ragouttino di scorfano<\/p>\n<p>Sardoni impanati<\/p>\n<p>\u00bd acqua, \u00bc vino<\/p>\n<p>\u20ac 17,90<\/p>\n<p>&nbsp;<\/p>\n<p>&nbsp;<\/p>\n<p>Osteria<\/p>\n<p><strong>TA\u2019L CURTIVON<\/strong><\/p>\n<p>Piazza Libert\u00e0, 8<\/p>\n<p>Turriaco (GO)<\/p>\n<p><strong>Tel. 0481 769648<\/strong><\/p>\n<p><em>Aperto a pranzo e nel week end anche a cena<\/em><\/p>\n<p><em>Marted\u00ec Grasso e Mercoled\u00ec delle Ceneri aperto pranzo e cena<\/em><\/p>\n<p><em>Gradita la prenotazione<\/em><\/p>\n<p>&nbsp;<\/p>\n<p>Gateau di Sgombro<\/p>\n<p>Calamari ripieni con radicchio di Treviso serviti con polenta<\/p>\n<p>Insalata mista<\/p>\n<p>\u00bd minerale<\/p>\n<p>1 Calice vino<\/p>\n<p>\u20ac 18,50<\/p>\n<p>&nbsp;<\/p>\n<p>&nbsp;<\/p>\n<p>Osteria<strong> CONCORDIA da Beato<\/strong><\/p>\n<p>Via Concordia, 1\/a<\/p>\n<p>Chiopris \u2013 Viscone (UD)<\/p>\n<p><strong>Cell. 327 6385835 <\/strong>oppure<strong> 389 6576899<\/strong><\/p>\n<p><em>Gradita la prenotazione<\/em><\/p>\n<p><em>Sempre aperto<\/em><\/p>\n<p>&nbsp;<\/p>\n<p>\u201cTutto il porco minuto per minuto\u201d<\/p>\n<p>Dall\u2019 antipasto al dessert tutto a base di porco<\/p>\n<p>1\/4 vino, acqua<\/p>\n<p>\u20ac 22,00<\/p>\n<p>Mercoled\u00ec delle ceneri<\/p>\n<p>Renga, baccal\u00e0 e polenta<\/p>\n<p>&nbsp;<\/p>\n<p>&nbsp;<\/p>\n<p><strong>TIKI TAKA<\/strong><\/p>\n<p>Via Grado, 65<br \/>\nMonfalcone (GO)<br \/>\n<strong>0481 281387<\/strong><\/p>\n<p><em>Aperto dal marted\u00ec alla domenica dalle 17.00 a tarda notte<\/em><\/p>\n<p>&nbsp;<\/p>\n<p><u>LA SFORBICIADA MORBIDA<\/u><\/p>\n<p>Lubjanskina ripiena di speck<\/p>\n<p>Funghi e brie serviti con patate steak house e maionese<\/p>\n<p>Birra PALE ALE da 0,4lt<\/p>\n<p>\u20ac 12,00<\/p>\n<p>&nbsp;<\/p>\n<p><u>LA CATAPULTA INFERNALE<\/u><\/p>\n<p>Filetto di Angus irlandese<\/p>\n<p>Patate grigliate e Mayonese al rosmarino<\/p>\n<p>Birra PALE ALE da 0,2lt<\/p>\n<p>\u20ac 15,00<\/p>\n<p><em>Non \u00e8 possibile sostituire la birra con altre bevande o altre tipologie di birra<\/em><\/p>\n<p><em>\u00a0<\/em><\/p>\n<p>Trattoria Osteria<\/p>\n<p><strong>Da Gigi <\/strong>di Trentin Cinzia<\/p>\n<p>Via G. Verdi, 25<\/p>\n<p>Begliano &#8211; San Canzian d\u2019 Isonzo (GO)<\/p>\n<p><strong>Tel. 380 1875147<\/strong><\/p>\n<p><em>Aperto per Magnemo fora de Casa dal luned\u00ec al sabato. Domenica chiuso<\/em><\/p>\n<p>&nbsp;<\/p>\n<p>Ljubljanska proposta in 10 versioni<\/p>\n<p>con contorni a scelta<br \/>\n\u00bc vino, acqua o birra piccola<\/p>\n<p>caff\u00e8<\/p>\n<p>dolce<\/p>\n<p>\u20ac 16,00<\/p>\n<p>&nbsp;<\/p>\n<p>&nbsp;<\/p>\n<p><strong>Ocean <\/strong>Restaurant<\/p>\n<p>Via Consiglio d\u2019 Europa, 42<\/p>\n<p>Monfalcone (GO)<\/p>\n<p><strong>Tel. 339 2005251<\/strong><\/p>\n<p><em>Sempre aperto a pranzo e a cena nel weekend<\/em><\/p>\n<p>&nbsp;<\/p>\n<p>Piatto unico di Gnocchi de pan con gulasch e polenta<\/p>\n<p>Dolce<\/p>\n<p>1\/2 minerale, 1\/4 di vino, caff\u00e8<\/p>\n<p>\u20ac 20,00<\/p>\n<p>&nbsp;<\/p>\n<p>Piatto unico di pasta alla marinara, seppie in umido con la polenta<\/p>\n<p>Dolce<\/p>\n<p>1\/2 minerale, 1\/4 di vino, caff\u00e8<\/p>\n<p>\u20ac 20,00<\/p>\n<p>&nbsp;<\/p>\n<p>&nbsp;<\/p>\n<p>Ristorante Pizzeria<\/p>\n<p><strong>La Sciantosa<\/strong><\/p>\n<p>Piazza della Repubblica, 21<\/p>\n<p>Monfalcone (GO)<\/p>\n<p><strong>Tel.\u00a0 0481 280497 \u2013 345 4097703<\/strong><\/p>\n<p>&nbsp;<\/p>\n<p>Trofie con crema di spinaci e gamberi<\/p>\n<p>Baccal\u00e0 fritto con contorno di polenta<\/p>\n<p>1\/2 minerale, 1\/4 di vino, caff\u00e8<\/p>\n<p>\u20ac 19,00<\/p>\n<p>&nbsp;<\/p>\n<p>&nbsp;<\/p>\n<p><strong>AL FALCO<\/strong><\/p>\n<p>Via S. Francesco, 47<\/p>\n<p>Monfalcone (GO)<\/p>\n<p><strong>Tel.\u00a0 347 8283852<\/strong><\/p>\n<p><em>Chiuso la domenica Gradita la prenotazione<\/em><\/p>\n<p>&nbsp;<\/p>\n<p>Luganighe in tecia con fasoi<\/p>\n<p>Dolce della casa<\/p>\n<p>1\/2 acqua, 1 bicer de vin de Brumat<\/p>\n<p>\u20ac 13,00<\/p>\n<p>&nbsp;<\/p>\n<p>Gulasch con polenta e radicchio rosso<\/p>\n<p>Dolce della casa<\/p>\n<p>1\/2 acqua, 1 bicer de vin de Brumat<\/p>\n<p>\u20ac 15,00<\/p>\n<p>&nbsp;<\/p>\n<p>&nbsp;<\/p>\n<p>Ristorante Argentino<\/p>\n<p><strong>PASI\u00d3N<\/strong><\/p>\n<p>Via Trieste, 90<\/p>\n<p>Monfalcone (GO)<\/p>\n<p><strong>Tel. 0481 723093 \u2013 347 2770500<\/strong><\/p>\n<p><em>Chiusura mercoled\u00ec Gradita la prenotazione<\/em><\/p>\n<p>&nbsp;<\/p>\n<p>1 Empanada de Choclo<\/p>\n<p>(fagottino fritto ripieno di mais, besciamella, cipollotto e pepe)<\/p>\n<p>1 Bife (250gr circa) con contorno di purea al dragoncello<\/p>\n<p>e carotine glassate<\/p>\n<p>Dolce di carnevale Argentino<\/p>\n<p>\u00bd acqua, un calice di vino<\/p>\n<p>\u20ac 25,00<\/p>\n<p>&nbsp;<\/p>\n<p><strong>OSTERIA PALMADA<\/strong><\/p>\n<p>Via Androna Palmada, 20<\/p>\n<p>Ronchi Dei Legionari (GO)<\/p>\n<p><strong>Tel.<\/strong> <strong>0481 777993<\/strong><\/p>\n<p><em>Chiuso la domenica Gradita la prenotazione<\/em><\/p>\n<p>&nbsp;<\/p>\n<p>PIATTO PLJESKAVICA<\/p>\n<p>Pljeskavica, ajvar, kajmac, cipolla, patatine fritte,<\/p>\n<p>insalata di cavolo cappuccio<\/p>\n<p>Frittole di Carnevale<\/p>\n<p>Birra piccola<\/p>\n<p>\u20ac 14,00<\/p>\n<p>&nbsp;<\/p>\n<p>&nbsp;<\/p>\n<p>Ostaria<\/p>\n<p><strong>\u201cda BEPI MEO\u201d<\/strong><\/p>\n<p>Via Romana, 46<\/p>\n<p>San Canzian d\u2019Isonzo (GO)<\/p>\n<p><strong>Tel. 0481 70195<\/strong><\/p>\n<p>&nbsp;<\/p>\n<p>Piatto \u201cPORCO MONDO\u201d<\/p>\n<p>birra piccola o \u00bc vino<\/p>\n<p>\u20ac 15,00<\/p>\n<p><em>Mercoled\u00ec 1 marzo \u201cRENGAFEST\u201d<\/em><\/p>\n<p>&nbsp;<\/p>\n<p>&nbsp;<\/p>\n<p><strong>Balkan Express<\/strong><\/p>\n<p>Salita alla Rocca, 1 \u2013 Monfalcone\u00a0 (GO)<\/p>\n<p><strong>Tel. 0481 095175 \u2013 328 8756508<\/strong><\/p>\n<p>&nbsp;<\/p>\n<p>Palacinka salata &#8211; gusto a scelta (rag\u00fa, prosciutto, formaggio)<\/p>\n<p>Maialino allo spiedo ai funghi<\/p>\n<p>Patatine fritte<\/p>\n<p>\u00bc vino o 1 bibita o 1 birra piccola<\/p>\n<p>\u20ac 22,00<\/p>\n<p>&nbsp;<\/p>\n<p>Palacinka salata &#8211; gusto a scelta (rag\u00fa, prosciutto, formaggio)<\/p>\n<p>Karadjordjeva (lonza di maiale ripiena di prosciutto e formaggio arrotolata impanata)<\/p>\n<p>Patatine fritte<\/p>\n<p>\u00bc vino o 1 bibita o 1 birra piccola<\/p>\n<p>\u20ac 17,00<\/p>\n<p>&nbsp;<\/p>\n<p>&nbsp;<\/p>\n<p>Azienda Agrituristica<\/p>\n<p><strong>ALLA PIETRA BIANCA<\/strong><\/p>\n<p>Via XXV aprile, 40<\/p>\n<p>San Pier d\u2019Isonzo (GO)<\/p>\n<p><strong>cell. 338 9008251 o 338 3786747<\/strong><\/p>\n<p><em>Aperto dal mercoled\u00ec alla domenica 10-14 \/ 17-23<\/em><\/p>\n<p>&nbsp;<\/p>\n<p>Crostone con lardo<\/p>\n<p>Gnocchi ragu\u2019 d\u2019anatra<\/p>\n<p>Useletti scampadi con polenta<\/p>\n<p>Patate in tecia o fritte<\/p>\n<p>1\/4 vino, \u00bd d\u2019acqua, caffe\u2019<\/p>\n<p>Cestino pastafilo agli agrumi<\/p>\n<p>\u20ac 22,00<\/p>\n<p>&nbsp;<\/p>\n<p>&nbsp;<\/p>\n<p><strong>Enoteca da Berto<\/strong><\/p>\n<p><strong>Nuova Gestione (&#8230;.quei del bar dell\u2019Emisfero)<\/strong><\/p>\n<p>Piazza Cavour, 8<\/p>\n<p>Monfalcone (GO)<\/p>\n<p>&nbsp;<\/p>\n<p>Bollito (porcina, musetto, lingua, cragno)<\/p>\n<p>con crauti e patate in tecia<\/p>\n<p>Calice di vino e acqua minerale<\/p>\n<p>\u20ac 12,00<\/p>\n","protected":false},"excerpt":{"rendered":"<p>Proposte del piatto di Carnevale a prezzo fisso, in collaborazione con i locali consigliati dalla PRO LOCO MONFALCONE. Da \u00a0VENERD\u00ec [&hellip;]<\/p>\n","protected":false},"author":2,"featured_media":0,"comment_status":"closed","ping_status":"closed","sticky":false,"template":"","format":"standard","meta":[],"categories":[23,4],"tags":[],"_links":{"self":[{"href":"https:\/\/www.monfalcone.info\/index.php\/wp-json\/wp\/v2\/posts\/995"}],"collection":[{"href":"https:\/\/www.monfalcone.info\/index.php\/wp-json\/wp\/v2\/posts"}],"about":[{"href":"https:\/\/www.monfalcone.info\/index.php\/wp-json\/wp\/v2\/types\/post"}],"author":[{"embeddable":true,"href":"https:\/\/www.monfalcone.info\/index.php\/wp-json\/wp\/v2\/users\/2"}],"replies":[{"embeddable":true,"href":"https:\/\/www.monfalcone.info\/index.php\/wp-json\/wp\/v2\/comments?post=995"}],"version-history":[{"count":5,"href":"https:\/\/www.monfalcone.info\/index.php\/wp-json\/wp\/v2\/posts\/995\/revisions"}],"predecessor-version":[{"id":1007,"href":"https:\/\/www.monfalcone.info\/index.php\/wp-json\/wp\/v2\/posts\/995\/revisions\/1007"}],"wp:attachment":[{"href":"https:\/\/www.monfalcone.info\/index.php\/wp-json\/wp\/v2\/media?parent=995"}],"wp:term":[{"taxonomy":"category","embeddable":true,"href":"https:\/\/www.monfalcone.info\/index.php\/wp-json\/wp\/v2\/categories?post=995"},{"taxonomy":"post_tag","embeddable":true,"href":"https:\/\/www.monfalcone.info\/index.php\/wp-json\/wp\/v2\/tags?post=995"}],"curies":[{"name":"wp","href":"https:\/\/api.w.org\/{rel}","templated":true}]}}